{"id":2656,"date":"2014-12-09T17:06:55","date_gmt":"2014-12-09T15:06:55","guid":{"rendered":"http:\/\/lucarne-opposee.fr\/leblog\/?p=2656"},"modified":"2014-12-10T15:48:59","modified_gmt":"2014-12-10T13:48:59","slug":"cacamiseta-2015-boavista-bordeaux-wolfsburg","status":"publish","type":"post","link":"http:\/\/lucarne-opposee.fr\/leblog\/cacamiseta-2015-boavista-bordeaux-wolfsburg\/","title":{"rendered":"Cacamiseta 2015 : Boavista, Bordeaux, Wolfsburg"},"content":{"rendered":"<p style=\"text-align: center;\"><a href=\"http:\/\/lucarne-opposee.fr\/leblog\/http:\/\/lucarne-opposee.fr\/leblog\/wp-content\/uploads\/2014\/12\/cacamiseta2015fbbw.jpg\"><img loading=\"lazy\" decoding=\"async\" class=\"aligncenter size-full wp-image-2660\" src=\"http:\/\/lucarne-opposee.fr\/leblog\/http:\/\/lucarne-opposee.fr\/leblog\/wp-content\/uploads\/2014\/12\/cacamiseta2015fbbw.jpg\" alt=\"cacamiseta2015fbbw\" width=\"600\" height=\"212\" srcset=\"http:\/\/lucarne-opposee.fr\/leblog\/http:\/\/lucarne-opposee.fr\/leblog\/wp-content\/uploads\/2014\/12\/cacamiseta2015fbbw.jpg 600w, http:\/\/lucarne-opposee.fr\/leblog\/http:\/\/lucarne-opposee.fr\/leblog\/wp-content\/uploads\/2014\/12\/cacamiseta2015fbbw-300x106.jpg 300w\" sizes=\"auto, (max-width: 600px) 100vw, 600px\" \/><\/a><\/p>\n<p style=\"text-align: justify;\"><strong>Apr\u00e8s le fluos, d\u00e9couvrons trois autres nomm\u00e9s \u00e0 l\u2019\u00e9dition 2015. De l\u2019acharnement th\u00e9rapeutique au dor\u00e9 en passant par la casaque de jockey, tous ont de solides arguments \u00e0 faire valoir et offrent un \u00e9ventail de possibilit\u00e9s entre tradition et renouveau.<\/strong><!--more--><\/p>\n<p style=\"text-align: justify;\">Apr\u00e8s le fluo, les trois autres candidats \u00e0 la Cacamiseta 2015 ont fait le choix d\u2019un travail plus pouss\u00e9. Deuxi\u00e8me et dernier repr\u00e9sentant fran\u00e7ais (et oui, la Ligue 1 est bel et bien en crise), les Girondins ont tr\u00e8s mal v\u00e9cu leur <span style=\"text-decoration: underline;\"><strong><a href=\"http:\/\/lucarne-opposee.fr\/leblog\/cacamiseta-2013-les-resultats\/\">cinqui\u00e8me<\/a><\/strong><\/span> place la saison derni\u00e8re et sont revenus aux fondamentaux. Lors de l\u2019\u00e9dition 2012\/2013, ils terminaient \u00e0 la troisi\u00e8me place gr\u00e2ce \u00e0 un <strong><span style=\"text-decoration: underline;\"><a href=\"http:\/\/lucarne-opposee.fr\/leblog\/cacamiseta-2013-les-francais\/\">scapulaire<\/a><\/span><\/strong> surdimensionn\u00e9 et l\u2019ajout d\u2019une bande rose. Chez Puma, on s\u2019accroche. Retour aux valeurs donc. On ressort le gros scapulaire et la diagonale. Mais pas question de faire un simple copier-coller. Le stock de rose \u00e9tant parti sur le maillot away, on se la joue sobre et on ressort le beige d\u00e9j\u00e0 utilis\u00e9 en 2010\/2011, on ajoute le rouge bordeaux utilis\u00e9 notamment sur les rayures de la <span style=\"text-decoration: underline;\"><strong><a href=\"http:\/\/lucarne-opposee.fr\/leblog\/cacamiseta-2010-bordeaux-rafle-la-mise\/\">Cacamiseta 2010<\/a><\/strong><\/span> et on m\u00e9lange. On obtient alors un merveilleux patchwork de tout ce que Puma aura produit avec talent pour le club, un maillot \u00e0 trois couleurs et deux motifs. Touche finale, un merveilleux logo rouge.<\/p>\n<p style=\"text-align: center;\"><a href=\"http:\/\/lucarne-opposee.fr\/leblog\/http:\/\/lucarne-opposee.fr\/leblog\/wp-content\/uploads\/2014\/12\/girondins.jpg\"><img loading=\"lazy\" decoding=\"async\" class=\"aligncenter size-full wp-image-2657\" src=\"http:\/\/lucarne-opposee.fr\/leblog\/http:\/\/lucarne-opposee.fr\/leblog\/wp-content\/uploads\/2014\/12\/girondins.jpg\" alt=\"girondins\" width=\"800\" height=\"400\" srcset=\"http:\/\/lucarne-opposee.fr\/leblog\/http:\/\/lucarne-opposee.fr\/leblog\/wp-content\/uploads\/2014\/12\/girondins.jpg 800w, http:\/\/lucarne-opposee.fr\/leblog\/http:\/\/lucarne-opposee.fr\/leblog\/wp-content\/uploads\/2014\/12\/girondins-300x150.jpg 300w\" sizes=\"auto, (max-width: 800px) 100vw, 800px\" \/><\/a><\/p>\n<p style=\"text-align: justify;\">L\u2019association de couleurs et de motifs, tel est le pari os\u00e9 du Boavista, premier repr\u00e9sentant portugais de l\u2019histoire de la Cacamiseta. Afin de rappeler au jury que Benfica aura m\u00e9rit\u00e9 une place en 2012, Boavista propose un subtil maillot dor\u00e9 (d\u00e9j\u00e0 tent\u00e9 par Milan et Copenhague <span style=\"text-decoration: underline;\"><strong><a href=\"http:\/\/lucarne-opposee.fr\/leblog\/cacamiseta-2014-les-combos\/\">l\u2019an pass\u00e9<\/a><\/strong><\/span>) auquel son \u00e9quipementier y ajoute la touche traditionnelle avec le damier, plac\u00e9 d\u00e9licieusement le long du corps. Le r\u00e9sultat est parfait.<\/p>\n<p style=\"text-align: center;\"><a href=\"http:\/\/lucarne-opposee.fr\/leblog\/http:\/\/lucarne-opposee.fr\/leblog\/wp-content\/uploads\/2014\/12\/boavista.jpg\"><img loading=\"lazy\" decoding=\"async\" class=\"aligncenter size-full wp-image-2658\" src=\"http:\/\/lucarne-opposee.fr\/leblog\/http:\/\/lucarne-opposee.fr\/leblog\/wp-content\/uploads\/2014\/12\/boavista.jpg\" alt=\"boavista\" width=\"652\" height=\"434\" srcset=\"http:\/\/lucarne-opposee.fr\/leblog\/http:\/\/lucarne-opposee.fr\/leblog\/wp-content\/uploads\/2014\/12\/boavista.jpg 652w, http:\/\/lucarne-opposee.fr\/leblog\/http:\/\/lucarne-opposee.fr\/leblog\/wp-content\/uploads\/2014\/12\/boavista-300x199.jpg 300w\" sizes=\"auto, (max-width: 652px) 100vw, 652px\" \/><\/a><\/p>\n<p style=\"text-align: justify;\">Deux \u00e9quipes qui utilisent de vieilles recettes, il fallait donc venir contrebalancer le tout. Le cr\u00e9ateur de tendance cette saison pourrait bien \u00eatre Wolfsburg. Afin de figurer dans la s\u00e9lection 2015, le club allemand a en effet d\u00e9cid\u00e9 d\u2019innover. Pas de rayures, pas de dor\u00e9, pas de damiers mais une magnifique casaque de jockey avec la fameuse croix de Saint Andr\u00e9. Histoire de s\u2019assurer une pr\u00e9sence dans ce top 10, Kappa y ajoute l\u2019association de couleurs\u00a0: une bande blanche, une bande verte, le tout sur fond bleu. Sur que ce nouveau motif peut faire quelques \u00e9mules.<\/p>\n<p style=\"text-align: center;\"><a href=\"http:\/\/lucarne-opposee.fr\/leblog\/http:\/\/lucarne-opposee.fr\/leblog\/wp-content\/uploads\/2014\/12\/wolfsburg.jpg\"><img loading=\"lazy\" decoding=\"async\" class=\"aligncenter size-full wp-image-2659\" src=\"http:\/\/lucarne-opposee.fr\/leblog\/http:\/\/lucarne-opposee.fr\/leblog\/wp-content\/uploads\/2014\/12\/wolfsburg.jpg\" alt=\"wolfsburg\" width=\"660\" height=\"350\" srcset=\"http:\/\/lucarne-opposee.fr\/leblog\/http:\/\/lucarne-opposee.fr\/leblog\/wp-content\/uploads\/2014\/12\/wolfsburg.jpg 660w, http:\/\/lucarne-opposee.fr\/leblog\/http:\/\/lucarne-opposee.fr\/leblog\/wp-content\/uploads\/2014\/12\/wolfsburg-300x159.jpg 300w\" sizes=\"auto, (max-width: 660px) 100vw, 660px\" \/><\/a><\/p>\n<p style=\"text-align: center;\"><strong>La s\u00e9lection<\/strong><\/p>\n<p style=\"text-align: center;\"><strong><span style=\"text-decoration: underline;\"><a style=\"color: #0000ff;\" href=\"http:\/\/lucarne-opposee.fr\/leblog\/cacamiseta-2015-les-fluos\/\">Les fluos<\/a><\/span> &#8211;\u00a0<strong><span style=\"text-decoration: underline;\"><a style=\"color: #0000ff;\" href=\"http:\/\/lucarne-opposee.fr\/leblog\/cacamiseta-2015-boavista-bordeaux-wolfsburg\/\">Boavista, Bordeaux, Wolfsburg<\/a><\/span> &#8211;\u00a0<span style=\"text-decoration: underline;\"><a style=\"color: #0000ff;\" href=\"http:\/\/lucarne-opposee.fr\/leblog\/cacamiseta-2015-les-anglais\/\">Les anglais<\/a><\/span> &#8211;\u00a0<span style=\"text-decoration: underline;\"><a style=\"color: #0000ff;\" href=\"http:\/\/lucarne-opposee.fr\/leblog\/cacamiseta-2015-les-combos\/\">Les combos<\/a><\/span> &#8211;\u00a0<span style=\"text-decoration: underline;\"><a style=\"color: #0000ff;\" href=\"http:\/\/lucarne-opposee.fr\/leblog\/cacamiseta-2015-les-bien-au-chaud\/\">Les \u00ab\u00a0bien au chaud\u00a0\u00bb<\/a><\/span><\/strong><\/strong><\/p>\n","protected":false},"excerpt":{"rendered":"<p class=\"excerpt\">Apr\u00e8s le fluos, d\u00e9couvrons trois autres nomm\u00e9s \u00e0 l\u2019\u00e9dition 2015. De l\u2019acharnement th\u00e9rapeutique au dor\u00e9 en passant par la casaque de jockey, tous ont de solides arguments \u00e0 faire valoir et offrent un \u00e9ventail de possibilit\u00e9s entre tradition et renouveau. <a href=\"http:\/\/lucarne-opposee.fr\/leblog\/cacamiseta-2015-boavista-bordeaux-wolfsburg\/\">Read more &rarr;<\/a><\/p>\n","protected":false},"author":1,"featured_media":2660,"comment_status":"open","ping_status":"open","sticky":false,"template":"","format":"standard","meta":{"om_disable_all_campaigns":false,"_monsterinsights_skip_tracking":false,"_monsterinsights_sitenote_active":false,"_monsterinsights_sitenote_note":"","_monsterinsights_sitenote_category":0,"footnotes":""},"categories":[116],"tags":[701],"class_list":["post-2656","post","type-post","status-publish","format-standard","has-post-thumbnail","hentry","category-cacamiseta","tag-cacamiseta-2015","xfolkentry"],"aioseo_notices":[],"_links":{"self":[{"href":"http:\/\/lucarne-opposee.fr\/leblog\/wp-json\/wp\/v2\/posts\/2656","targetHints":{"allow":["GET"]}}],"collection":[{"href":"http:\/\/lucarne-opposee.fr\/leblog\/wp-json\/wp\/v2\/posts"}],"about":[{"href":"http:\/\/lucarne-opposee.fr\/leblog\/wp-json\/wp\/v2\/types\/post"}],"author":[{"embeddable":true,"href":"http:\/\/lucarne-opposee.fr\/leblog\/wp-json\/wp\/v2\/users\/1"}],"replies":[{"embeddable":true,"href":"http:\/\/lucarne-opposee.fr\/leblog\/wp-json\/wp\/v2\/comments?post=2656"}],"version-history":[{"count":6,"href":"http:\/\/lucarne-opposee.fr\/leblog\/wp-json\/wp\/v2\/posts\/2656\/revisions"}],"predecessor-version":[{"id":2700,"href":"http:\/\/lucarne-opposee.fr\/leblog\/wp-json\/wp\/v2\/posts\/2656\/revisions\/2700"}],"wp:featuredmedia":[{"embeddable":true,"href":"http:\/\/lucarne-opposee.fr\/leblog\/wp-json\/wp\/v2\/media\/2660"}],"wp:attachment":[{"href":"http:\/\/lucarne-opposee.fr\/leblog\/wp-json\/wp\/v2\/media?parent=2656"}],"wp:term":[{"taxonomy":"category","embeddable":true,"href":"http:\/\/lucarne-opposee.fr\/leblog\/wp-json\/wp\/v2\/categories?post=2656"},{"taxonomy":"post_tag","embeddable":true,"href":"http:\/\/lucarne-opposee.fr\/leblog\/wp-json\/wp\/v2\/tags?post=2656"}],"curies":[{"name":"wp","href":"https:\/\/api.w.org\/{rel}","templated":true}]}}