{"id":2839,"date":"2015-12-22T19:10:07","date_gmt":"2015-12-22T17:10:07","guid":{"rendered":"http:\/\/lucarne-opposee.fr\/leblog\/?p=2839"},"modified":"2015-12-22T19:10:07","modified_gmt":"2015-12-22T17:10:07","slug":"cacamiseta-2016-les-specialistes","status":"publish","type":"post","link":"http:\/\/lucarne-opposee.fr\/leblog\/cacamiseta-2016-les-specialistes\/","title":{"rendered":"Cacamiseta 2016\u00a0: les sp\u00e9cialistes"},"content":{"rendered":"<p style=\"text-align: center;\"><a href=\"http:\/\/lucarne-opposee.fr\/leblog\/http:\/\/lucarne-opposee.fr\/leblog\/wp-content\/uploads\/2015\/12\/specialistes.jpg\" rel=\"attachment wp-att-2842\"><img loading=\"lazy\" decoding=\"async\" class=\"aligncenter size-full wp-image-2842\" src=\"http:\/\/lucarne-opposee.fr\/leblog\/http:\/\/lucarne-opposee.fr\/leblog\/wp-content\/uploads\/2015\/12\/specialistes.jpg\" alt=\"specialistes\" width=\"600\" height=\"212\" srcset=\"http:\/\/lucarne-opposee.fr\/leblog\/http:\/\/lucarne-opposee.fr\/leblog\/wp-content\/uploads\/2015\/12\/specialistes.jpg 600w, http:\/\/lucarne-opposee.fr\/leblog\/http:\/\/lucarne-opposee.fr\/leblog\/wp-content\/uploads\/2015\/12\/specialistes-300x106.jpg 300w\" sizes=\"auto, (max-width: 600px) 100vw, 600px\" \/><\/a><\/p>\n<p style=\"text-align: justify;\"><strong>Il ne reste plus que deux candidats avant de conna\u00eetre les dix \u00e9lus pour le titre 2016. Ces deux-l\u00e0 ne pouvaient \u00eatre que des sp\u00e9cialistes de l\u2019\u00e9preuve.<\/strong><!--more--><\/p>\n<p style=\"text-align: justify;\">Une cacamiseta sans eux semble d\u00e9sormais impossible. Chaque ann\u00e9e, ces deux clubs d\u00e9ploient une \u00e9nergie consid\u00e9rable pour rester au plus haut niveau, preuve que finalement, le talent n\u2019est pas forc\u00e9ment une affaire de budget. Ces deux clubs, ce sont Porto et Bordeaux.<\/p>\n<p style=\"text-align: justify;\">Pour rester dans le top 10, Porto rend un d\u00e9licieux hommage \u00e0 la cacamiseta d\u2019une couleur marron du meilleur go\u00fbt orn\u00e9e par des rayures beiges et bleus ciel tout aussi superbes. Finalement, la seule faute de go\u00fbt est d\u2019oublier d\u2019y adjoindre le sponsor de l\u2019an pass\u00e9, un certain MOCHE.<\/p>\n<p style=\"text-align: center;\"><a href=\"http:\/\/lucarne-opposee.fr\/leblog\/http:\/\/lucarne-opposee.fr\/leblog\/wp-content\/uploads\/2015\/12\/porto.jpg\" rel=\"attachment wp-att-2841\"><img loading=\"lazy\" decoding=\"async\" class=\"aligncenter size-full wp-image-2841\" src=\"http:\/\/lucarne-opposee.fr\/leblog\/http:\/\/lucarne-opposee.fr\/leblog\/wp-content\/uploads\/2015\/12\/porto.jpg\" alt=\"porto\" width=\"1000\" height=\"366\" srcset=\"http:\/\/lucarne-opposee.fr\/leblog\/http:\/\/lucarne-opposee.fr\/leblog\/wp-content\/uploads\/2015\/12\/porto.jpg 1000w, http:\/\/lucarne-opposee.fr\/leblog\/http:\/\/lucarne-opposee.fr\/leblog\/wp-content\/uploads\/2015\/12\/porto-300x110.jpg 300w, http:\/\/lucarne-opposee.fr\/leblog\/http:\/\/lucarne-opposee.fr\/leblog\/wp-content\/uploads\/2015\/12\/porto-768x281.jpg 768w, http:\/\/lucarne-opposee.fr\/leblog\/http:\/\/lucarne-opposee.fr\/leblog\/wp-content\/uploads\/2015\/12\/porto-900x329.jpg 900w\" sizes=\"auto, (max-width: 1000px) 100vw, 1000px\" \/><\/a><\/p>\n<p style=\"text-align: justify;\">Reste le dernier candidat, sans doute le plus r\u00e9gulier \u00e0 ce niveau. Apr\u00e8s avoir r\u00e9ussi le tour de force de faire croire aux gens que le rose deviendrait une couleur historique de club en l\u2019imposant syst\u00e9matiquement chaque saison, Puma d\u00e9cide d\u2019aller plus loin avec son laboratoire bordelais. Jug\u00e9 pas assez criard, le rose se \u00ab\u00a0fluorise\u00a0\u00bb, une vague de la m\u00eame couleur prend place sur le maillot. Et pour couronner le tout (ou se donner toutes les chances), Pumas d\u00e9cide de s\u2019en prendre aussi au scapulaire orn\u00e9 d\u2019un motif tigr\u00e9 bleu et rose. Une merveille.<\/p>\n<p style=\"text-align: center;\"><a href=\"http:\/\/lucarne-opposee.fr\/leblog\/http:\/\/lucarne-opposee.fr\/leblog\/wp-content\/uploads\/2015\/12\/bordeaux.jpg\" rel=\"attachment wp-att-2840\"><img loading=\"lazy\" decoding=\"async\" class=\"aligncenter size-full wp-image-2840\" src=\"http:\/\/lucarne-opposee.fr\/leblog\/http:\/\/lucarne-opposee.fr\/leblog\/wp-content\/uploads\/2015\/12\/bordeaux.jpg\" alt=\"bordeaux\" width=\"1000\" height=\"366\" srcset=\"http:\/\/lucarne-opposee.fr\/leblog\/http:\/\/lucarne-opposee.fr\/leblog\/wp-content\/uploads\/2015\/12\/bordeaux.jpg 1000w, http:\/\/lucarne-opposee.fr\/leblog\/http:\/\/lucarne-opposee.fr\/leblog\/wp-content\/uploads\/2015\/12\/bordeaux-300x110.jpg 300w, http:\/\/lucarne-opposee.fr\/leblog\/http:\/\/lucarne-opposee.fr\/leblog\/wp-content\/uploads\/2015\/12\/bordeaux-768x281.jpg 768w, http:\/\/lucarne-opposee.fr\/leblog\/http:\/\/lucarne-opposee.fr\/leblog\/wp-content\/uploads\/2015\/12\/bordeaux-900x329.jpg 900w\" sizes=\"auto, (max-width: 1000px) 100vw, 1000px\" \/><\/a><\/p>\n","protected":false},"excerpt":{"rendered":"<p class=\"excerpt\">Il ne reste plus que deux candidats avant de conna\u00eetre les dix \u00e9lus pour le titre 2016. Ces deux-l\u00e0 ne pouvaient \u00eatre que des sp\u00e9cialistes de l\u2019\u00e9preuve. <a href=\"http:\/\/lucarne-opposee.fr\/leblog\/cacamiseta-2016-les-specialistes\/\">Read more &rarr;<\/a><\/p>\n","protected":false},"author":1,"featured_media":2842,"comment_status":"open","ping_status":"open","sticky":false,"template":"","format":"standard","meta":{"om_disable_all_campaigns":false,"_monsterinsights_skip_tracking":false,"_monsterinsights_sitenote_active":false,"_monsterinsights_sitenote_note":"","_monsterinsights_sitenote_category":0,"footnotes":""},"categories":[116],"tags":[716],"class_list":["post-2839","post","type-post","status-publish","format-standard","has-post-thumbnail","hentry","category-cacamiseta","tag-cacamiseta-2016","xfolkentry"],"aioseo_notices":[],"_links":{"self":[{"href":"http:\/\/lucarne-opposee.fr\/leblog\/wp-json\/wp\/v2\/posts\/2839","targetHints":{"allow":["GET"]}}],"collection":[{"href":"http:\/\/lucarne-opposee.fr\/leblog\/wp-json\/wp\/v2\/posts"}],"about":[{"href":"http:\/\/lucarne-opposee.fr\/leblog\/wp-json\/wp\/v2\/types\/post"}],"author":[{"embeddable":true,"href":"http:\/\/lucarne-opposee.fr\/leblog\/wp-json\/wp\/v2\/users\/1"}],"replies":[{"embeddable":true,"href":"http:\/\/lucarne-opposee.fr\/leblog\/wp-json\/wp\/v2\/comments?post=2839"}],"version-history":[{"count":1,"href":"http:\/\/lucarne-opposee.fr\/leblog\/wp-json\/wp\/v2\/posts\/2839\/revisions"}],"predecessor-version":[{"id":2843,"href":"http:\/\/lucarne-opposee.fr\/leblog\/wp-json\/wp\/v2\/posts\/2839\/revisions\/2843"}],"wp:featuredmedia":[{"embeddable":true,"href":"http:\/\/lucarne-opposee.fr\/leblog\/wp-json\/wp\/v2\/media\/2842"}],"wp:attachment":[{"href":"http:\/\/lucarne-opposee.fr\/leblog\/wp-json\/wp\/v2\/media?parent=2839"}],"wp:term":[{"taxonomy":"category","embeddable":true,"href":"http:\/\/lucarne-opposee.fr\/leblog\/wp-json\/wp\/v2\/categories?post=2839"},{"taxonomy":"post_tag","embeddable":true,"href":"http:\/\/lucarne-opposee.fr\/leblog\/wp-json\/wp\/v2\/tags?post=2839"}],"curies":[{"name":"wp","href":"https:\/\/api.w.org\/{rel}","templated":true}]}}