{"id":3062,"date":"2018-01-27T01:24:24","date_gmt":"2018-01-26T23:24:24","guid":{"rendered":"http:\/\/lucarne-opposee.fr\/leblog\/?p=3062"},"modified":"2018-01-27T01:24:24","modified_gmt":"2018-01-26T23:24:24","slug":"laffiche-de-la-semaine-02-deportivo-saprissa-alajuelense","status":"publish","type":"post","link":"http:\/\/lucarne-opposee.fr\/leblog\/laffiche-de-la-semaine-02-deportivo-saprissa-alajuelense\/","title":{"rendered":"L&rsquo;affiche de la semaine 02 : Deportivo Saprissa &#8211; Alajuelense"},"content":{"rendered":"<p><strong>Prenez un match, utilisez-le comme pr\u00e9texte pour une session de culture foot et d&rsquo;histoire(s). Vous obtenez l&rsquo;affiche de la semaine. Au menu du deuxi\u00e8me \u00e9pisode, un voyage au Costa Rica pour le Cl\u00e1sico del f\u00fatbol costarricense qui oppose les deux g\u00e9ants du pays : le Deportivo Saprissa et Alajuelense.<\/strong><\/p>\n<p><!--more--><\/p>\n<p>Pr\u00e9sent\u00e9 et mont\u00e9 par Nicolas Cougot (<a style=\"color: #0000ff;\" href=\"https:\/\/twitter.com\/LucarneOpposee\">@LucarneOpposee<\/a>)<\/p>\n<p>&nbsp;<\/p>\n<p>Musique :&nbsp;Moose &#8211; Bensound <a href=\"https:\/\/www.bensound.com\">https:\/\/www.bensound.com<br \/>\n<\/a><\/p>\n<p>&nbsp;<\/p>\n<h4><strong>Le podcast<\/strong><\/h4>\n<div class=\"powerpress_player\" id=\"powerpress_player_7105\"><audio class=\"wp-audio-shortcode\" id=\"audio-3062-1\" preload=\"none\" style=\"width: 100%;\" controls=\"controls\"><source type=\"audio\/mpeg\" src=\"http:\/\/lucarne-opposee.fr\/podcasts\/affiche2%20_%20Deportivo%20Saprissa_Alajuelense.mp3?_=1\" \/><a href=\"http:\/\/lucarne-opposee.fr\/podcasts\/affiche2%20_%20Deportivo%20Saprissa_Alajuelense.mp3\">http:\/\/lucarne-opposee.fr\/podcasts\/affiche2%20_%20Deportivo%20Saprissa_Alajuelense.mp3<\/a><\/audio><\/div><p class=\"powerpress_links powerpress_links_mp3\" style=\"margin-bottom: 1px !important;\">Podcast: <a href=\"http:\/\/lucarne-opposee.fr\/podcasts\/affiche2 _ Deportivo Saprissa_Alajuelense.mp3\" class=\"powerpress_link_pinw\" target=\"_blank\" title=\"Play in new window\" onclick=\"return powerpress_pinw('http:\/\/lucarne-opposee.fr\/leblog\/?powerpress_pinw=3062-podcast');\" rel=\"nofollow\">Play in new window<\/a> | <a href=\"http:\/\/lucarne-opposee.fr\/podcasts\/affiche2%20_%20Deportivo%20Saprissa_Alajuelense.mp3\" class=\"powerpress_link_d\" title=\"Download\" rel=\"nofollow\" download=\"affiche2%20_%20Deportivo%20Saprissa_Alajuelense.mp3\">Download<\/a><\/p><p class=\"powerpress_links powerpress_subscribe_links\">Subscribe: <a href=\"http:\/\/lucarne-opposee.fr\/leblog\/feed\/podcast\/\" class=\"powerpress_link_subscribe powerpress_link_subscribe_rss\" target=\"_blank\" title=\"Subscribe via RSS\" rel=\"nofollow\">RSS<\/a><\/p>","protected":false},"excerpt":{"rendered":"<p class=\"excerpt\">Prenez un match, utilisez-le comme pr\u00e9texte pour une session de culture foot et d&rsquo;histoire(s). Vous obtenez l&rsquo;affiche de la semaine. Au menu du deuxi\u00e8me \u00e9pisode, un voyage au Costa Rica pour le Cl\u00e1sico del f\u00fatbol costarricense qui oppose les deux g\u00e9ants du pays : le Deportivo Saprissa et Alajuelense. <a href=\"http:\/\/lucarne-opposee.fr\/leblog\/laffiche-de-la-semaine-02-deportivo-saprissa-alajuelense\/\">Read more &rarr;<\/a><\/p>\n","protected":false},"author":1,"featured_media":0,"comment_status":"open","ping_status":"open","sticky":false,"template":"","format":"standard","meta":{"om_disable_all_campaigns":false,"_monsterinsights_skip_tracking":false,"footnotes":""},"categories":[717],"tags":[],"class_list":["post-3062","post","type-post","status-publish","format-standard","hentry","category-podcasts","xfolkentry"],"aioseo_notices":[],"aioseo_head":"\n\t\t<!-- All in One SEO 5.0.0.1 - aioseo.com -->\n\t<meta name=\"description\" content=\"Prenez un match, utilisez-le comme pr\u00e9texte pour une session de culture foot et d&#039;histoire(s). Vous obtenez l&#039;affiche de la semaine. Au menu du deuxi\u00e8me \u00e9pisode, un voyage au Costa Rica pour le Cl\u00e1sico del f\u00fatbol costarricense qui oppose les deux g\u00e9ants du pays : le Deportivo Saprissa et Alajuelense. Pr\u00e9sent\u00e9 et mont\u00e9 par Nicolas Cougot\" \/>\n\t<meta name=\"robots\" content=\"max-image-preview:large\" \/>\n\t<meta name=\"author\" content=\"Nicolas\"\/>\n\t<link rel=\"canonical\" href=\"http:\/\/lucarne-opposee.fr\/leblog\/laffiche-de-la-semaine-02-deportivo-saprissa-alajuelense\/\" \/>\n\t<meta name=\"generator\" content=\"All in One SEO (AIOSEO) 5.0.0.1\" \/>\n\t\t<meta property=\"og:locale\" content=\"fr_FR\" \/>\n\t\t<meta property=\"og:site_name\" content=\"Le blog de L-O -\" \/>\n\t\t<meta property=\"og:type\" content=\"article\" \/>\n\t\t<meta property=\"og:title\" content=\"L\u2019affiche de la semaine 02 : Deportivo Saprissa \u2013 Alajuelense - Le blog de L-O\" \/>\n\t\t<meta property=\"og:description\" content=\"Prenez un match, utilisez-le comme pr\u00e9texte pour une session de culture foot et d&#039;histoire(s). Vous obtenez l&#039;affiche de la semaine. Au menu du deuxi\u00e8me \u00e9pisode, un voyage au Costa Rica pour le Cl\u00e1sico del f\u00fatbol costarricense qui oppose les deux g\u00e9ants du pays : le Deportivo Saprissa et Alajuelense. Pr\u00e9sent\u00e9 et mont\u00e9 par Nicolas Cougot\" \/>\n\t\t<meta property=\"og:url\" content=\"http:\/\/lucarne-opposee.fr\/leblog\/laffiche-de-la-semaine-02-deportivo-saprissa-alajuelense\/\" \/>\n\t\t<meta property=\"article:published_time\" content=\"2018-01-26T23:24:24+00:00\" \/>\n\t\t<meta property=\"article:modified_time\" content=\"2018-01-26T23:24:24+00:00\" \/>\n\t\t<meta name=\"twitter:card\" content=\"summary_large_image\" \/>\n\t\t<meta name=\"twitter:title\" content=\"L\u2019affiche de la semaine 02 : Deportivo Saprissa \u2013 Alajuelense - Le blog de L-O\" \/>\n\t\t<meta name=\"twitter:description\" content=\"Prenez un match, utilisez-le comme pr\u00e9texte pour une session de culture foot et d&#039;histoire(s). Vous obtenez l&#039;affiche de la semaine. Au menu du deuxi\u00e8me \u00e9pisode, un voyage au Costa Rica pour le Cl\u00e1sico del f\u00fatbol costarricense qui oppose les deux g\u00e9ants du pays : le Deportivo Saprissa et Alajuelense. Pr\u00e9sent\u00e9 et mont\u00e9 par Nicolas Cougot\" \/>\n\t\t<script type=\"application\/ld+json\" class=\"aioseo-schema\">\n\t\t\t{\"@context\":\"https:\\\/\\\/schema.org\",\"@graph\":[{\"@type\":\"BlogPosting\",\"@id\":\"http:\\\/\\\/lucarne-opposee.fr\\\/leblog\\\/laffiche-de-la-semaine-02-deportivo-saprissa-alajuelense\\\/#blogposting\",\"name\":\"L\\u2019affiche de la semaine 02 : Deportivo Saprissa \\u2013 Alajuelense - Le blog de L-O\",\"headline\":\"L&rsquo;affiche de la semaine 02 : Deportivo Saprissa &#8211; Alajuelense\",\"author\":{\"@id\":\"http:\\\/\\\/lucarne-opposee.fr\\\/leblog\\\/author\\\/admin\\\/#author\"},\"publisher\":{\"@id\":\"http:\\\/\\\/lucarne-opposee.fr\\\/leblog\\\/#organization\"},\"datePublished\":\"2018-01-27T01:24:24+02:00\",\"dateModified\":\"2018-01-27T01:24:24+02:00\",\"inLanguage\":\"fr-FR\",\"mainEntityOfPage\":{\"@id\":\"http:\\\/\\\/lucarne-opposee.fr\\\/leblog\\\/laffiche-de-la-semaine-02-deportivo-saprissa-alajuelense\\\/#webpage\"},\"isPartOf\":{\"@id\":\"http:\\\/\\\/lucarne-opposee.fr\\\/leblog\\\/laffiche-de-la-semaine-02-deportivo-saprissa-alajuelense\\\/#webpage\"},\"articleSection\":\"Podcasts\"},{\"@type\":\"BreadcrumbList\",\"@id\":\"http:\\\/\\\/lucarne-opposee.fr\\\/leblog\\\/laffiche-de-la-semaine-02-deportivo-saprissa-alajuelense\\\/#breadcrumblist\",\"itemListElement\":[{\"@type\":\"ListItem\",\"@id\":\"http:\\\/\\\/lucarne-opposee.fr\\\/leblog#listItem\",\"position\":1,\"name\":\"Home\",\"item\":\"http:\\\/\\\/lucarne-opposee.fr\\\/leblog\",\"nextItem\":{\"@type\":\"ListItem\",\"@id\":\"http:\\\/\\\/lucarne-opposee.fr\\\/leblog\\\/category\\\/podcasts\\\/#listItem\",\"name\":\"Podcasts\"}},{\"@type\":\"ListItem\",\"@id\":\"http:\\\/\\\/lucarne-opposee.fr\\\/leblog\\\/category\\\/podcasts\\\/#listItem\",\"position\":2,\"name\":\"Podcasts\",\"item\":\"http:\\\/\\\/lucarne-opposee.fr\\\/leblog\\\/category\\\/podcasts\\\/\",\"nextItem\":{\"@type\":\"ListItem\",\"@id\":\"http:\\\/\\\/lucarne-opposee.fr\\\/leblog\\\/laffiche-de-la-semaine-02-deportivo-saprissa-alajuelense\\\/#listItem\",\"name\":\"L&rsquo;affiche de la semaine 02 : Deportivo Saprissa &#8211; Alajuelense\"},\"previousItem\":{\"@type\":\"ListItem\",\"@id\":\"http:\\\/\\\/lucarne-opposee.fr\\\/leblog#listItem\",\"name\":\"Home\"}},{\"@type\":\"ListItem\",\"@id\":\"http:\\\/\\\/lucarne-opposee.fr\\\/leblog\\\/laffiche-de-la-semaine-02-deportivo-saprissa-alajuelense\\\/#listItem\",\"position\":3,\"name\":\"L&rsquo;affiche de la semaine 02 : Deportivo Saprissa &#8211; Alajuelense\",\"previousItem\":{\"@type\":\"ListItem\",\"@id\":\"http:\\\/\\\/lucarne-opposee.fr\\\/leblog\\\/category\\\/podcasts\\\/#listItem\",\"name\":\"Podcasts\"}}]},{\"@type\":\"Organization\",\"@id\":\"http:\\\/\\\/lucarne-opposee.fr\\\/leblog\\\/#organization\",\"name\":\"Le blog de L-O\",\"url\":\"http:\\\/\\\/lucarne-opposee.fr\\\/leblog\\\/\"},{\"@type\":\"Person\",\"@id\":\"http:\\\/\\\/lucarne-opposee.fr\\\/leblog\\\/author\\\/admin\\\/#author\",\"url\":\"http:\\\/\\\/lucarne-opposee.fr\\\/leblog\\\/author\\\/admin\\\/\",\"name\":\"Nicolas\",\"image\":{\"@type\":\"ImageObject\",\"@id\":\"http:\\\/\\\/lucarne-opposee.fr\\\/leblog\\\/laffiche-de-la-semaine-02-deportivo-saprissa-alajuelense\\\/#authorImage\",\"url\":\"https:\\\/\\\/secure.gravatar.com\\\/avatar\\\/4d7059722a266a922e604fba54976485540cba3441182b1dc6aa3320d84eefdc?s=96&r=g\",\"width\":96,\"height\":96,\"caption\":\"Nicolas\"}},{\"@type\":\"WebPage\",\"@id\":\"http:\\\/\\\/lucarne-opposee.fr\\\/leblog\\\/laffiche-de-la-semaine-02-deportivo-saprissa-alajuelense\\\/#webpage\",\"url\":\"http:\\\/\\\/lucarne-opposee.fr\\\/leblog\\\/laffiche-de-la-semaine-02-deportivo-saprissa-alajuelense\\\/\",\"name\":\"L\\u2019affiche de la semaine 02 : Deportivo Saprissa \\u2013 Alajuelense - Le blog de L-O\",\"description\":\"Prenez un match, utilisez-le comme pr\\u00e9texte pour une session de culture foot et d'histoire(s). Vous obtenez l'affiche de la semaine. Au menu du deuxi\\u00e8me \\u00e9pisode, un voyage au Costa Rica pour le Cl\\u00e1sico del f\\u00fatbol costarricense qui oppose les deux g\\u00e9ants du pays : le Deportivo Saprissa et Alajuelense. Pr\\u00e9sent\\u00e9 et mont\\u00e9 par Nicolas Cougot\",\"inLanguage\":\"fr-FR\",\"isPartOf\":{\"@id\":\"http:\\\/\\\/lucarne-opposee.fr\\\/leblog\\\/#website\"},\"breadcrumb\":{\"@id\":\"http:\\\/\\\/lucarne-opposee.fr\\\/leblog\\\/laffiche-de-la-semaine-02-deportivo-saprissa-alajuelense\\\/#breadcrumblist\"},\"author\":{\"@id\":\"http:\\\/\\\/lucarne-opposee.fr\\\/leblog\\\/author\\\/admin\\\/#author\"},\"creator\":{\"@id\":\"http:\\\/\\\/lucarne-opposee.fr\\\/leblog\\\/author\\\/admin\\\/#author\"},\"datePublished\":\"2018-01-27T01:24:24+02:00\",\"dateModified\":\"2018-01-27T01:24:24+02:00\"},{\"@type\":\"WebSite\",\"@id\":\"http:\\\/\\\/lucarne-opposee.fr\\\/leblog\\\/#website\",\"url\":\"http:\\\/\\\/lucarne-opposee.fr\\\/leblog\\\/\",\"name\":\"Le blog de L-O\",\"inLanguage\":\"fr-FR\",\"publisher\":{\"@id\":\"http:\\\/\\\/lucarne-opposee.fr\\\/leblog\\\/#organization\"}}]}\n\t\t<\/script>\n\t\t<!-- All in One SEO -->\n\n","aioseo_head_json":{"title":"L\u2019affiche de la semaine 02 : Deportivo Saprissa \u2013 Alajuelense - Le blog de L-O","description":"Prenez un match, utilisez-le comme pr\u00e9texte pour une session de culture foot et d'histoire(s). Vous obtenez l'affiche de la semaine. Au menu du deuxi\u00e8me \u00e9pisode, un voyage au Costa Rica pour le Cl\u00e1sico del f\u00fatbol costarricense qui oppose les deux g\u00e9ants du pays : le Deportivo Saprissa et Alajuelense. Pr\u00e9sent\u00e9 et mont\u00e9 par Nicolas Cougot","canonical_url":"http:\/\/lucarne-opposee.fr\/leblog\/laffiche-de-la-semaine-02-deportivo-saprissa-alajuelense\/","robots":"max-image-preview:large","keywords":"","webmasterTools":{"miscellaneous":""},"schema":{"@context":"https:\/\/schema.org","@graph":[{"@type":"BlogPosting","@id":"http:\/\/lucarne-opposee.fr\/leblog\/laffiche-de-la-semaine-02-deportivo-saprissa-alajuelense\/#blogposting","name":"L\u2019affiche de la semaine 02 : Deportivo Saprissa \u2013 Alajuelense - Le blog de L-O","headline":"L&rsquo;affiche de la semaine 02 : Deportivo Saprissa &#8211; Alajuelense","author":{"@id":"http:\/\/lucarne-opposee.fr\/leblog\/author\/admin\/#author"},"publisher":{"@id":"http:\/\/lucarne-opposee.fr\/leblog\/#organization"},"datePublished":"2018-01-27T01:24:24+02:00","dateModified":"2018-01-27T01:24:24+02:00","inLanguage":"fr-FR","mainEntityOfPage":{"@id":"http:\/\/lucarne-opposee.fr\/leblog\/laffiche-de-la-semaine-02-deportivo-saprissa-alajuelense\/#webpage"},"isPartOf":{"@id":"http:\/\/lucarne-opposee.fr\/leblog\/laffiche-de-la-semaine-02-deportivo-saprissa-alajuelense\/#webpage"},"articleSection":"Podcasts"},{"@type":"BreadcrumbList","@id":"http:\/\/lucarne-opposee.fr\/leblog\/laffiche-de-la-semaine-02-deportivo-saprissa-alajuelense\/#breadcrumblist","itemListElement":[{"@type":"ListItem","@id":"http:\/\/lucarne-opposee.fr\/leblog#listItem","position":1,"name":"Home","item":"http:\/\/lucarne-opposee.fr\/leblog","nextItem":{"@type":"ListItem","@id":"http:\/\/lucarne-opposee.fr\/leblog\/category\/podcasts\/#listItem","name":"Podcasts"}},{"@type":"ListItem","@id":"http:\/\/lucarne-opposee.fr\/leblog\/category\/podcasts\/#listItem","position":2,"name":"Podcasts","item":"http:\/\/lucarne-opposee.fr\/leblog\/category\/podcasts\/","nextItem":{"@type":"ListItem","@id":"http:\/\/lucarne-opposee.fr\/leblog\/laffiche-de-la-semaine-02-deportivo-saprissa-alajuelense\/#listItem","name":"L&rsquo;affiche de la semaine 02 : Deportivo Saprissa &#8211; Alajuelense"},"previousItem":{"@type":"ListItem","@id":"http:\/\/lucarne-opposee.fr\/leblog#listItem","name":"Home"}},{"@type":"ListItem","@id":"http:\/\/lucarne-opposee.fr\/leblog\/laffiche-de-la-semaine-02-deportivo-saprissa-alajuelense\/#listItem","position":3,"name":"L&rsquo;affiche de la semaine 02 : Deportivo Saprissa &#8211; Alajuelense","previousItem":{"@type":"ListItem","@id":"http:\/\/lucarne-opposee.fr\/leblog\/category\/podcasts\/#listItem","name":"Podcasts"}}]},{"@type":"Organization","@id":"http:\/\/lucarne-opposee.fr\/leblog\/#organization","name":"Le blog de L-O","url":"http:\/\/lucarne-opposee.fr\/leblog\/"},{"@type":"Person","@id":"http:\/\/lucarne-opposee.fr\/leblog\/author\/admin\/#author","url":"http:\/\/lucarne-opposee.fr\/leblog\/author\/admin\/","name":"Nicolas","image":{"@type":"ImageObject","@id":"http:\/\/lucarne-opposee.fr\/leblog\/laffiche-de-la-semaine-02-deportivo-saprissa-alajuelense\/#authorImage","url":"https:\/\/secure.gravatar.com\/avatar\/4d7059722a266a922e604fba54976485540cba3441182b1dc6aa3320d84eefdc?s=96&r=g","width":96,"height":96,"caption":"Nicolas"}},{"@type":"WebPage","@id":"http:\/\/lucarne-opposee.fr\/leblog\/laffiche-de-la-semaine-02-deportivo-saprissa-alajuelense\/#webpage","url":"http:\/\/lucarne-opposee.fr\/leblog\/laffiche-de-la-semaine-02-deportivo-saprissa-alajuelense\/","name":"L\u2019affiche de la semaine 02 : Deportivo Saprissa \u2013 Alajuelense - Le blog de L-O","description":"Prenez un match, utilisez-le comme pr\u00e9texte pour une session de culture foot et d'histoire(s). Vous obtenez l'affiche de la semaine. Au menu du deuxi\u00e8me \u00e9pisode, un voyage au Costa Rica pour le Cl\u00e1sico del f\u00fatbol costarricense qui oppose les deux g\u00e9ants du pays : le Deportivo Saprissa et Alajuelense. Pr\u00e9sent\u00e9 et mont\u00e9 par Nicolas Cougot","inLanguage":"fr-FR","isPartOf":{"@id":"http:\/\/lucarne-opposee.fr\/leblog\/#website"},"breadcrumb":{"@id":"http:\/\/lucarne-opposee.fr\/leblog\/laffiche-de-la-semaine-02-deportivo-saprissa-alajuelense\/#breadcrumblist"},"author":{"@id":"http:\/\/lucarne-opposee.fr\/leblog\/author\/admin\/#author"},"creator":{"@id":"http:\/\/lucarne-opposee.fr\/leblog\/author\/admin\/#author"},"datePublished":"2018-01-27T01:24:24+02:00","dateModified":"2018-01-27T01:24:24+02:00"},{"@type":"WebSite","@id":"http:\/\/lucarne-opposee.fr\/leblog\/#website","url":"http:\/\/lucarne-opposee.fr\/leblog\/","name":"Le blog de L-O","inLanguage":"fr-FR","publisher":{"@id":"http:\/\/lucarne-opposee.fr\/leblog\/#organization"}}]},"og:locale":"fr_FR","og:site_name":"Le blog de L-O -","og:type":"article","og:title":"L\u2019affiche de la semaine 02 : Deportivo Saprissa \u2013 Alajuelense - Le blog de L-O","og:description":"Prenez un match, utilisez-le comme pr\u00e9texte pour une session de culture foot et d'histoire(s). Vous obtenez l'affiche de la semaine. Au menu du deuxi\u00e8me \u00e9pisode, un voyage au Costa Rica pour le Cl\u00e1sico del f\u00fatbol costarricense qui oppose les deux g\u00e9ants du pays : le Deportivo Saprissa et Alajuelense. Pr\u00e9sent\u00e9 et mont\u00e9 par Nicolas Cougot","og:url":"http:\/\/lucarne-opposee.fr\/leblog\/laffiche-de-la-semaine-02-deportivo-saprissa-alajuelense\/","article:published_time":"2018-01-26T23:24:24+00:00","article:modified_time":"2018-01-26T23:24:24+00:00","twitter:card":"summary_large_image","twitter:title":"L\u2019affiche de la semaine 02 : Deportivo Saprissa \u2013 Alajuelense - Le blog de L-O","twitter:description":"Prenez un match, utilisez-le comme pr\u00e9texte pour une session de culture foot et d'histoire(s). Vous obtenez l'affiche de la semaine. Au menu du deuxi\u00e8me \u00e9pisode, un voyage au Costa Rica pour le Cl\u00e1sico del f\u00fatbol costarricense qui oppose les deux g\u00e9ants du pays : le Deportivo Saprissa et Alajuelense. Pr\u00e9sent\u00e9 et mont\u00e9 par Nicolas Cougot"},"aioseo_meta_data":{"post_id":"3062","title":null,"description":null,"keywords":null,"keyphrases":null,"primary_term":null,"canonical_url":null,"og_title":null,"og_description":null,"og_object_type":"default","og_image_type":"default","og_image_url":null,"og_image_width":null,"og_image_height":null,"og_image_custom_url":null,"og_image_custom_fields":null,"og_video":null,"og_custom_url":null,"og_article_section":null,"og_article_tags":null,"twitter_use_og":false,"twitter_card":"default","twitter_image_type":"default","twitter_image_url":null,"twitter_image_custom_url":null,"twitter_image_custom_fields":null,"twitter_title":null,"twitter_description":null,"schema":{"blockGraphs":[],"customGraphs":[],"default":{"data":{"Article":[],"Course":[],"Dataset":[],"FAQPage":[],"Movie":[],"Person":[],"Product":[],"ProductReview":[],"Car":[],"Recipe":[],"Service":[],"SoftwareApplication":[],"WebPage":[]},"graphName":"","isEnabled":true},"graphs":[]},"schema_type":"default","schema_type_options":null,"pillar_content":false,"robots_default":true,"robots_noindex":false,"robots_noarchive":false,"robots_nosnippet":false,"robots_nofollow":false,"robots_noimageindex":false,"robots_noodp":false,"robots_notranslate":false,"robots_max_snippet":null,"robots_max_videopreview":null,"robots_max_imagepreview":"large","priority":null,"frequency":null,"local_seo":null,"breadcrumb_settings":null,"limit_modified_date":false,"ai":null,"created":"2023-01-06 14:36:05","updated":"2025-06-04 18:34:34","seo_analyzer_scan_date":null,"focus_keyword":null,"additional_keywords":null,"truseo_locale":null},"aioseo_breadcrumb":"<div class=\"aioseo-breadcrumbs\"><span class=\"aioseo-breadcrumb\">\n\t\t\t<a href=\"http:\/\/lucarne-opposee.fr\/leblog\" title=\"Home\">Home<\/a>\n\t\t<\/span><span class=\"aioseo-breadcrumb-separator\">&raquo;<\/span><span class=\"aioseo-breadcrumb\">\n\t\t\t<a href=\"http:\/\/lucarne-opposee.fr\/leblog\/category\/podcasts\/\" title=\"Podcasts\">Podcasts<\/a>\n\t\t<\/span><span class=\"aioseo-breadcrumb-separator\">&raquo;<\/span><span class=\"aioseo-breadcrumb\">\n\t\t\tL\u2019affiche de la semaine 02 : Deportivo Saprissa \u2013 Alajuelense\n\t\t<\/span><\/div>","aioseo_breadcrumb_json":[{"label":"Home","link":"http:\/\/lucarne-opposee.fr\/leblog"},{"label":"Podcasts","link":"http:\/\/lucarne-opposee.fr\/leblog\/category\/podcasts\/"},{"label":"L&rsquo;affiche de la semaine 02 : Deportivo Saprissa &#8211; Alajuelense","link":"http:\/\/lucarne-opposee.fr\/leblog\/laffiche-de-la-semaine-02-deportivo-saprissa-alajuelense\/"}],"_links":{"self":[{"href":"http:\/\/lucarne-opposee.fr\/leblog\/wp-json\/wp\/v2\/posts\/3062","targetHints":{"allow":["GET"]}}],"collection":[{"href":"http:\/\/lucarne-opposee.fr\/leblog\/wp-json\/wp\/v2\/posts"}],"about":[{"href":"http:\/\/lucarne-opposee.fr\/leblog\/wp-json\/wp\/v2\/types\/post"}],"author":[{"embeddable":true,"href":"http:\/\/lucarne-opposee.fr\/leblog\/wp-json\/wp\/v2\/users\/1"}],"replies":[{"embeddable":true,"href":"http:\/\/lucarne-opposee.fr\/leblog\/wp-json\/wp\/v2\/comments?post=3062"}],"version-history":[{"count":1,"href":"http:\/\/lucarne-opposee.fr\/leblog\/wp-json\/wp\/v2\/posts\/3062\/revisions"}],"predecessor-version":[{"id":3064,"href":"http:\/\/lucarne-opposee.fr\/leblog\/wp-json\/wp\/v2\/posts\/3062\/revisions\/3064"}],"wp:attachment":[{"href":"http:\/\/lucarne-opposee.fr\/leblog\/wp-json\/wp\/v2\/media?parent=3062"}],"wp:term":[{"taxonomy":"category","embeddable":true,"href":"http:\/\/lucarne-opposee.fr\/leblog\/wp-json\/wp\/v2\/categories?post=3062"},{"taxonomy":"post_tag","embeddable":true,"href":"http:\/\/lucarne-opposee.fr\/leblog\/wp-json\/wp\/v2\/tags?post=3062"}],"curies":[{"name":"wp","href":"https:\/\/api.w.org\/{rel}","templated":true}]}}