{"id":3069,"date":"2018-01-28T12:01:29","date_gmt":"2018-01-28T10:01:29","guid":{"rendered":"http:\/\/lucarne-opposee.fr\/leblog\/?p=3069"},"modified":"2018-01-28T13:13:33","modified_gmt":"2018-01-28T11:13:33","slug":"podcast-efrikya-s01e02-guinee-au-chan-et-candidature-maroc-2026","status":"publish","type":"post","link":"http:\/\/lucarne-opposee.fr\/leblog\/podcast-efrikya-s01e02-guinee-au-chan-et-candidature-maroc-2026\/","title":{"rendered":"Podcast Efrikya S01E02 : Guin\u00e9e au CHAN et candidature Maroc 2026"},"content":{"rendered":"<p><strong>Deuxi\u00e8me \u00e9pisode d&rsquo;Efrikya, votre rendez-vous Afrique de l&rsquo;\u00e9quipe Lucarne Oppos\u00e9e. Au menu de l&rsquo;\u00e9pisode, l&rsquo;imbroglio guin\u00e9en lors du CHAN 2018 et un focus sur la candidature du Maroc pour la Coupe du Monde 2026.&nbsp;<\/strong><\/p>\n<p><!--more--><\/p>\n<p>Pr\u00e9sentation et montage : Simon Balacheff (<a style=\"color: #0000ff;\" href=\"https:\/\/twitter.com\/SElGranVaron\">@SElGranVaron<\/a>)<\/p>\n<p>Avec Farouk Abdou (<a style=\"color: #0000ff;\" href=\"https:\/\/twitter.com\/fafarandole\">@fafarandole<\/a>) et Pierre-Marie Gosselin (<a style=\"color: #0000ff;\" href=\"https:\/\/twitter.com\/Griotdelaballe\">@Griotdelaballe<\/a>)<\/p>\n<h4><strong>Sommaire<\/strong><\/h4>\n<p>1:50 &#8211; Les br\u00e8ves<br \/>\n4:35 &#8211; Imbroglio guin\u00e9en au CHAN<br \/>\n16:00 &#8211; Focus sur la candidature Maroc 2026<\/p>\n<p>Musiques : Funky Element &#8211; Bensound https:\/\/www.bensound.com \/ Shegueyro &#8211; Back to Motherland \/ Shegueyro &#8211; Welcome to Africa \/ Clozee &#8211; Apsara Calling \/ Damusika &#8211; Percafric<\/p>\n<h4><strong>Le podcast<\/strong><\/h4>\n<div class=\"powerpress_player\" id=\"powerpress_player_1307\"><audio class=\"wp-audio-shortcode\" id=\"audio-3069-1\" preload=\"none\" style=\"width: 100%;\" controls=\"controls\"><source type=\"audio\/mpeg\" src=\"http:\/\/lucarne-opposee.fr\/podcasts\/efrikya__2_imbroglio_guin__e_et_maroc_2026.mp3?_=1\" \/><a href=\"http:\/\/lucarne-opposee.fr\/podcasts\/efrikya__2_imbroglio_guin__e_et_maroc_2026.mp3\">http:\/\/lucarne-opposee.fr\/podcasts\/efrikya__2_imbroglio_guin__e_et_maroc_2026.mp3<\/a><\/audio><\/div><p class=\"powerpress_links powerpress_links_mp3\" style=\"margin-bottom: 1px !important;\">Podcast: <a href=\"http:\/\/lucarne-opposee.fr\/podcasts\/efrikya__2_imbroglio_guin__e_et_maroc_2026.mp3\" class=\"powerpress_link_pinw\" target=\"_blank\" title=\"Play in new window\" onclick=\"return powerpress_pinw('http:\/\/lucarne-opposee.fr\/leblog\/?powerpress_pinw=3069-podcast');\" rel=\"nofollow\">Play in new window<\/a> | <a href=\"http:\/\/lucarne-opposee.fr\/podcasts\/efrikya__2_imbroglio_guin__e_et_maroc_2026.mp3\" class=\"powerpress_link_d\" title=\"Download\" rel=\"nofollow\" download=\"efrikya__2_imbroglio_guin__e_et_maroc_2026.mp3\">Download<\/a><\/p><p class=\"powerpress_links powerpress_subscribe_links\">Subscribe: <a href=\"http:\/\/lucarne-opposee.fr\/leblog\/feed\/podcast\/\" class=\"powerpress_link_subscribe powerpress_link_subscribe_rss\" target=\"_blank\" title=\"Subscribe via RSS\" rel=\"nofollow\">RSS<\/a><\/p>","protected":false},"excerpt":{"rendered":"<p class=\"excerpt\">Deuxi\u00e8me \u00e9pisode d&rsquo;Efrikya, votre rendez-vous Afrique de l&rsquo;\u00e9quipe Lucarne Oppos\u00e9e. Au menu de l&rsquo;\u00e9pisode, l&rsquo;imbroglio guin\u00e9en lors du CHAN 2018 et un focus sur la candidature du Maroc pour la Coupe du Monde 2026.&nbsp; <a href=\"http:\/\/lucarne-opposee.fr\/leblog\/podcast-efrikya-s01e02-guinee-au-chan-et-candidature-maroc-2026\/\">Read more &rarr;<\/a><\/p>\n","protected":false},"author":1,"featured_media":0,"comment_status":"open","ping_status":"open","sticky":false,"template":"","format":"standard","meta":{"om_disable_all_campaigns":false,"_monsterinsights_skip_tracking":false,"footnotes":""},"categories":[717],"tags":[],"class_list":["post-3069","post","type-post","status-publish","format-standard","hentry","category-podcasts","xfolkentry"],"aioseo_notices":[],"aioseo_head":"\n\t\t<!-- All in One SEO 5.0.0.1 - aioseo.com -->\n\t<meta name=\"description\" content=\"Deuxi\u00e8me \u00e9pisode d&#039;Efrikya, votre rendez-vous Afrique de l&#039;\u00e9quipe Lucarne Oppos\u00e9e. Au menu de l&#039;\u00e9pisode, l&#039;imbroglio guin\u00e9en lors du CHAN 2018 et un focus sur la candidature du Maroc pour la Coupe du Monde 2026. Pr\u00e9sentation et montage : Simon Balacheff (@SElGranVaron) Avec Farouk Abdou (@fafarandole) et Pierre-Marie Gosselin (@Griotdelaballe) Sommaire 1:50 - Les br\u00e8ves 4:35\" \/>\n\t<meta name=\"robots\" content=\"max-image-preview:large\" \/>\n\t<meta name=\"author\" content=\"Nicolas\"\/>\n\t<link rel=\"canonical\" href=\"http:\/\/lucarne-opposee.fr\/leblog\/podcast-efrikya-s01e02-guinee-au-chan-et-candidature-maroc-2026\/\" \/>\n\t<meta name=\"generator\" content=\"All in One SEO (AIOSEO) 5.0.0.1\" \/>\n\t\t<meta property=\"og:locale\" content=\"fr_FR\" \/>\n\t\t<meta property=\"og:site_name\" content=\"Le blog de L-O -\" \/>\n\t\t<meta property=\"og:type\" content=\"article\" \/>\n\t\t<meta property=\"og:title\" content=\"Podcast Efrikya S01E02 : Guin\u00e9e au CHAN et candidature Maroc 2026 - Le blog de L-O\" \/>\n\t\t<meta property=\"og:description\" content=\"Deuxi\u00e8me \u00e9pisode d&#039;Efrikya, votre rendez-vous Afrique de l&#039;\u00e9quipe Lucarne Oppos\u00e9e. Au menu de l&#039;\u00e9pisode, l&#039;imbroglio guin\u00e9en lors du CHAN 2018 et un focus sur la candidature du Maroc pour la Coupe du Monde 2026. Pr\u00e9sentation et montage : Simon Balacheff (@SElGranVaron) Avec Farouk Abdou (@fafarandole) et Pierre-Marie Gosselin (@Griotdelaballe) Sommaire 1:50 - Les br\u00e8ves 4:35\" \/>\n\t\t<meta property=\"og:url\" content=\"http:\/\/lucarne-opposee.fr\/leblog\/podcast-efrikya-s01e02-guinee-au-chan-et-candidature-maroc-2026\/\" \/>\n\t\t<meta property=\"article:published_time\" content=\"2018-01-28T10:01:29+00:00\" \/>\n\t\t<meta property=\"article:modified_time\" content=\"2018-01-28T11:13:33+00:00\" \/>\n\t\t<meta name=\"twitter:card\" content=\"summary_large_image\" \/>\n\t\t<meta name=\"twitter:title\" content=\"Podcast Efrikya S01E02 : Guin\u00e9e au CHAN et candidature Maroc 2026 - Le blog de L-O\" \/>\n\t\t<meta name=\"twitter:description\" content=\"Deuxi\u00e8me \u00e9pisode d&#039;Efrikya, votre rendez-vous Afrique de l&#039;\u00e9quipe Lucarne Oppos\u00e9e. Au menu de l&#039;\u00e9pisode, l&#039;imbroglio guin\u00e9en lors du CHAN 2018 et un focus sur la candidature du Maroc pour la Coupe du Monde 2026. Pr\u00e9sentation et montage : Simon Balacheff (@SElGranVaron) Avec Farouk Abdou (@fafarandole) et Pierre-Marie Gosselin (@Griotdelaballe) Sommaire 1:50 - Les br\u00e8ves 4:35\" \/>\n\t\t<script type=\"application\/ld+json\" class=\"aioseo-schema\">\n\t\t\t{\"@context\":\"https:\\\/\\\/schema.org\",\"@graph\":[{\"@type\":\"BlogPosting\",\"@id\":\"http:\\\/\\\/lucarne-opposee.fr\\\/leblog\\\/podcast-efrikya-s01e02-guinee-au-chan-et-candidature-maroc-2026\\\/#blogposting\",\"name\":\"Podcast Efrikya S01E02 : Guin\\u00e9e au CHAN et candidature Maroc 2026 - Le blog de L-O\",\"headline\":\"Podcast Efrikya S01E02 : Guin\\u00e9e au CHAN et candidature Maroc 2026\",\"author\":{\"@id\":\"http:\\\/\\\/lucarne-opposee.fr\\\/leblog\\\/author\\\/admin\\\/#author\"},\"publisher\":{\"@id\":\"http:\\\/\\\/lucarne-opposee.fr\\\/leblog\\\/#organization\"},\"datePublished\":\"2018-01-28T12:01:29+02:00\",\"dateModified\":\"2018-01-28T13:13:33+02:00\",\"inLanguage\":\"fr-FR\",\"mainEntityOfPage\":{\"@id\":\"http:\\\/\\\/lucarne-opposee.fr\\\/leblog\\\/podcast-efrikya-s01e02-guinee-au-chan-et-candidature-maroc-2026\\\/#webpage\"},\"isPartOf\":{\"@id\":\"http:\\\/\\\/lucarne-opposee.fr\\\/leblog\\\/podcast-efrikya-s01e02-guinee-au-chan-et-candidature-maroc-2026\\\/#webpage\"},\"articleSection\":\"Podcasts\"},{\"@type\":\"BreadcrumbList\",\"@id\":\"http:\\\/\\\/lucarne-opposee.fr\\\/leblog\\\/podcast-efrikya-s01e02-guinee-au-chan-et-candidature-maroc-2026\\\/#breadcrumblist\",\"itemListElement\":[{\"@type\":\"ListItem\",\"@id\":\"http:\\\/\\\/lucarne-opposee.fr\\\/leblog#listItem\",\"position\":1,\"name\":\"Home\",\"item\":\"http:\\\/\\\/lucarne-opposee.fr\\\/leblog\",\"nextItem\":{\"@type\":\"ListItem\",\"@id\":\"http:\\\/\\\/lucarne-opposee.fr\\\/leblog\\\/category\\\/podcasts\\\/#listItem\",\"name\":\"Podcasts\"}},{\"@type\":\"ListItem\",\"@id\":\"http:\\\/\\\/lucarne-opposee.fr\\\/leblog\\\/category\\\/podcasts\\\/#listItem\",\"position\":2,\"name\":\"Podcasts\",\"item\":\"http:\\\/\\\/lucarne-opposee.fr\\\/leblog\\\/category\\\/podcasts\\\/\",\"nextItem\":{\"@type\":\"ListItem\",\"@id\":\"http:\\\/\\\/lucarne-opposee.fr\\\/leblog\\\/podcast-efrikya-s01e02-guinee-au-chan-et-candidature-maroc-2026\\\/#listItem\",\"name\":\"Podcast Efrikya S01E02 : Guin\\u00e9e au CHAN et candidature Maroc 2026\"},\"previousItem\":{\"@type\":\"ListItem\",\"@id\":\"http:\\\/\\\/lucarne-opposee.fr\\\/leblog#listItem\",\"name\":\"Home\"}},{\"@type\":\"ListItem\",\"@id\":\"http:\\\/\\\/lucarne-opposee.fr\\\/leblog\\\/podcast-efrikya-s01e02-guinee-au-chan-et-candidature-maroc-2026\\\/#listItem\",\"position\":3,\"name\":\"Podcast Efrikya S01E02 : Guin\\u00e9e au CHAN et candidature Maroc 2026\",\"previousItem\":{\"@type\":\"ListItem\",\"@id\":\"http:\\\/\\\/lucarne-opposee.fr\\\/leblog\\\/category\\\/podcasts\\\/#listItem\",\"name\":\"Podcasts\"}}]},{\"@type\":\"Organization\",\"@id\":\"http:\\\/\\\/lucarne-opposee.fr\\\/leblog\\\/#organization\",\"name\":\"Le blog de L-O\",\"url\":\"http:\\\/\\\/lucarne-opposee.fr\\\/leblog\\\/\"},{\"@type\":\"Person\",\"@id\":\"http:\\\/\\\/lucarne-opposee.fr\\\/leblog\\\/author\\\/admin\\\/#author\",\"url\":\"http:\\\/\\\/lucarne-opposee.fr\\\/leblog\\\/author\\\/admin\\\/\",\"name\":\"Nicolas\",\"image\":{\"@type\":\"ImageObject\",\"@id\":\"http:\\\/\\\/lucarne-opposee.fr\\\/leblog\\\/podcast-efrikya-s01e02-guinee-au-chan-et-candidature-maroc-2026\\\/#authorImage\",\"url\":\"https:\\\/\\\/secure.gravatar.com\\\/avatar\\\/4d7059722a266a922e604fba54976485540cba3441182b1dc6aa3320d84eefdc?s=96&r=g\",\"width\":96,\"height\":96,\"caption\":\"Nicolas\"}},{\"@type\":\"WebPage\",\"@id\":\"http:\\\/\\\/lucarne-opposee.fr\\\/leblog\\\/podcast-efrikya-s01e02-guinee-au-chan-et-candidature-maroc-2026\\\/#webpage\",\"url\":\"http:\\\/\\\/lucarne-opposee.fr\\\/leblog\\\/podcast-efrikya-s01e02-guinee-au-chan-et-candidature-maroc-2026\\\/\",\"name\":\"Podcast Efrikya S01E02 : Guin\\u00e9e au CHAN et candidature Maroc 2026 - Le blog de L-O\",\"description\":\"Deuxi\\u00e8me \\u00e9pisode d'Efrikya, votre rendez-vous Afrique de l'\\u00e9quipe Lucarne Oppos\\u00e9e. Au menu de l'\\u00e9pisode, l'imbroglio guin\\u00e9en lors du CHAN 2018 et un focus sur la candidature du Maroc pour la Coupe du Monde 2026. Pr\\u00e9sentation et montage : Simon Balacheff (@SElGranVaron) Avec Farouk Abdou (@fafarandole) et Pierre-Marie Gosselin (@Griotdelaballe) Sommaire 1:50 - Les br\\u00e8ves 4:35\",\"inLanguage\":\"fr-FR\",\"isPartOf\":{\"@id\":\"http:\\\/\\\/lucarne-opposee.fr\\\/leblog\\\/#website\"},\"breadcrumb\":{\"@id\":\"http:\\\/\\\/lucarne-opposee.fr\\\/leblog\\\/podcast-efrikya-s01e02-guinee-au-chan-et-candidature-maroc-2026\\\/#breadcrumblist\"},\"author\":{\"@id\":\"http:\\\/\\\/lucarne-opposee.fr\\\/leblog\\\/author\\\/admin\\\/#author\"},\"creator\":{\"@id\":\"http:\\\/\\\/lucarne-opposee.fr\\\/leblog\\\/author\\\/admin\\\/#author\"},\"datePublished\":\"2018-01-28T12:01:29+02:00\",\"dateModified\":\"2018-01-28T13:13:33+02:00\"},{\"@type\":\"WebSite\",\"@id\":\"http:\\\/\\\/lucarne-opposee.fr\\\/leblog\\\/#website\",\"url\":\"http:\\\/\\\/lucarne-opposee.fr\\\/leblog\\\/\",\"name\":\"Le blog de L-O\",\"inLanguage\":\"fr-FR\",\"publisher\":{\"@id\":\"http:\\\/\\\/lucarne-opposee.fr\\\/leblog\\\/#organization\"}}]}\n\t\t<\/script>\n\t\t<!-- All in One SEO -->\n\n","aioseo_head_json":{"title":"Podcast Efrikya S01E02 : Guin\u00e9e au CHAN et candidature Maroc 2026 - Le blog de L-O","description":"Deuxi\u00e8me \u00e9pisode d'Efrikya, votre rendez-vous Afrique de l'\u00e9quipe Lucarne Oppos\u00e9e. Au menu de l'\u00e9pisode, l'imbroglio guin\u00e9en lors du CHAN 2018 et un focus sur la candidature du Maroc pour la Coupe du Monde 2026. Pr\u00e9sentation et montage : Simon Balacheff (@SElGranVaron) Avec Farouk Abdou (@fafarandole) et Pierre-Marie Gosselin (@Griotdelaballe) Sommaire 1:50 - Les br\u00e8ves 4:35","canonical_url":"http:\/\/lucarne-opposee.fr\/leblog\/podcast-efrikya-s01e02-guinee-au-chan-et-candidature-maroc-2026\/","robots":"max-image-preview:large","keywords":"","webmasterTools":{"miscellaneous":""},"schema":{"@context":"https:\/\/schema.org","@graph":[{"@type":"BlogPosting","@id":"http:\/\/lucarne-opposee.fr\/leblog\/podcast-efrikya-s01e02-guinee-au-chan-et-candidature-maroc-2026\/#blogposting","name":"Podcast Efrikya S01E02 : Guin\u00e9e au CHAN et candidature Maroc 2026 - Le blog de L-O","headline":"Podcast Efrikya S01E02 : Guin\u00e9e au CHAN et candidature Maroc 2026","author":{"@id":"http:\/\/lucarne-opposee.fr\/leblog\/author\/admin\/#author"},"publisher":{"@id":"http:\/\/lucarne-opposee.fr\/leblog\/#organization"},"datePublished":"2018-01-28T12:01:29+02:00","dateModified":"2018-01-28T13:13:33+02:00","inLanguage":"fr-FR","mainEntityOfPage":{"@id":"http:\/\/lucarne-opposee.fr\/leblog\/podcast-efrikya-s01e02-guinee-au-chan-et-candidature-maroc-2026\/#webpage"},"isPartOf":{"@id":"http:\/\/lucarne-opposee.fr\/leblog\/podcast-efrikya-s01e02-guinee-au-chan-et-candidature-maroc-2026\/#webpage"},"articleSection":"Podcasts"},{"@type":"BreadcrumbList","@id":"http:\/\/lucarne-opposee.fr\/leblog\/podcast-efrikya-s01e02-guinee-au-chan-et-candidature-maroc-2026\/#breadcrumblist","itemListElement":[{"@type":"ListItem","@id":"http:\/\/lucarne-opposee.fr\/leblog#listItem","position":1,"name":"Home","item":"http:\/\/lucarne-opposee.fr\/leblog","nextItem":{"@type":"ListItem","@id":"http:\/\/lucarne-opposee.fr\/leblog\/category\/podcasts\/#listItem","name":"Podcasts"}},{"@type":"ListItem","@id":"http:\/\/lucarne-opposee.fr\/leblog\/category\/podcasts\/#listItem","position":2,"name":"Podcasts","item":"http:\/\/lucarne-opposee.fr\/leblog\/category\/podcasts\/","nextItem":{"@type":"ListItem","@id":"http:\/\/lucarne-opposee.fr\/leblog\/podcast-efrikya-s01e02-guinee-au-chan-et-candidature-maroc-2026\/#listItem","name":"Podcast Efrikya S01E02 : Guin\u00e9e au CHAN et candidature Maroc 2026"},"previousItem":{"@type":"ListItem","@id":"http:\/\/lucarne-opposee.fr\/leblog#listItem","name":"Home"}},{"@type":"ListItem","@id":"http:\/\/lucarne-opposee.fr\/leblog\/podcast-efrikya-s01e02-guinee-au-chan-et-candidature-maroc-2026\/#listItem","position":3,"name":"Podcast Efrikya S01E02 : Guin\u00e9e au CHAN et candidature Maroc 2026","previousItem":{"@type":"ListItem","@id":"http:\/\/lucarne-opposee.fr\/leblog\/category\/podcasts\/#listItem","name":"Podcasts"}}]},{"@type":"Organization","@id":"http:\/\/lucarne-opposee.fr\/leblog\/#organization","name":"Le blog de L-O","url":"http:\/\/lucarne-opposee.fr\/leblog\/"},{"@type":"Person","@id":"http:\/\/lucarne-opposee.fr\/leblog\/author\/admin\/#author","url":"http:\/\/lucarne-opposee.fr\/leblog\/author\/admin\/","name":"Nicolas","image":{"@type":"ImageObject","@id":"http:\/\/lucarne-opposee.fr\/leblog\/podcast-efrikya-s01e02-guinee-au-chan-et-candidature-maroc-2026\/#authorImage","url":"https:\/\/secure.gravatar.com\/avatar\/4d7059722a266a922e604fba54976485540cba3441182b1dc6aa3320d84eefdc?s=96&r=g","width":96,"height":96,"caption":"Nicolas"}},{"@type":"WebPage","@id":"http:\/\/lucarne-opposee.fr\/leblog\/podcast-efrikya-s01e02-guinee-au-chan-et-candidature-maroc-2026\/#webpage","url":"http:\/\/lucarne-opposee.fr\/leblog\/podcast-efrikya-s01e02-guinee-au-chan-et-candidature-maroc-2026\/","name":"Podcast Efrikya S01E02 : Guin\u00e9e au CHAN et candidature Maroc 2026 - Le blog de L-O","description":"Deuxi\u00e8me \u00e9pisode d'Efrikya, votre rendez-vous Afrique de l'\u00e9quipe Lucarne Oppos\u00e9e. Au menu de l'\u00e9pisode, l'imbroglio guin\u00e9en lors du CHAN 2018 et un focus sur la candidature du Maroc pour la Coupe du Monde 2026. Pr\u00e9sentation et montage : Simon Balacheff (@SElGranVaron) Avec Farouk Abdou (@fafarandole) et Pierre-Marie Gosselin (@Griotdelaballe) Sommaire 1:50 - Les br\u00e8ves 4:35","inLanguage":"fr-FR","isPartOf":{"@id":"http:\/\/lucarne-opposee.fr\/leblog\/#website"},"breadcrumb":{"@id":"http:\/\/lucarne-opposee.fr\/leblog\/podcast-efrikya-s01e02-guinee-au-chan-et-candidature-maroc-2026\/#breadcrumblist"},"author":{"@id":"http:\/\/lucarne-opposee.fr\/leblog\/author\/admin\/#author"},"creator":{"@id":"http:\/\/lucarne-opposee.fr\/leblog\/author\/admin\/#author"},"datePublished":"2018-01-28T12:01:29+02:00","dateModified":"2018-01-28T13:13:33+02:00"},{"@type":"WebSite","@id":"http:\/\/lucarne-opposee.fr\/leblog\/#website","url":"http:\/\/lucarne-opposee.fr\/leblog\/","name":"Le blog de L-O","inLanguage":"fr-FR","publisher":{"@id":"http:\/\/lucarne-opposee.fr\/leblog\/#organization"}}]},"og:locale":"fr_FR","og:site_name":"Le blog de L-O -","og:type":"article","og:title":"Podcast Efrikya S01E02 : Guin\u00e9e au CHAN et candidature Maroc 2026 - Le blog de L-O","og:description":"Deuxi\u00e8me \u00e9pisode d'Efrikya, votre rendez-vous Afrique de l'\u00e9quipe Lucarne Oppos\u00e9e. Au menu de l'\u00e9pisode, l'imbroglio guin\u00e9en lors du CHAN 2018 et un focus sur la candidature du Maroc pour la Coupe du Monde 2026. Pr\u00e9sentation et montage : Simon Balacheff (@SElGranVaron) Avec Farouk Abdou (@fafarandole) et Pierre-Marie Gosselin (@Griotdelaballe) Sommaire 1:50 - Les br\u00e8ves 4:35","og:url":"http:\/\/lucarne-opposee.fr\/leblog\/podcast-efrikya-s01e02-guinee-au-chan-et-candidature-maroc-2026\/","article:published_time":"2018-01-28T10:01:29+00:00","article:modified_time":"2018-01-28T11:13:33+00:00","twitter:card":"summary_large_image","twitter:title":"Podcast Efrikya S01E02 : Guin\u00e9e au CHAN et candidature Maroc 2026 - Le blog de L-O","twitter:description":"Deuxi\u00e8me \u00e9pisode d'Efrikya, votre rendez-vous Afrique de l'\u00e9quipe Lucarne Oppos\u00e9e. Au menu de l'\u00e9pisode, l'imbroglio guin\u00e9en lors du CHAN 2018 et un focus sur la candidature du Maroc pour la Coupe du Monde 2026. Pr\u00e9sentation et montage : Simon Balacheff (@SElGranVaron) Avec Farouk Abdou (@fafarandole) et Pierre-Marie Gosselin (@Griotdelaballe) Sommaire 1:50 - Les br\u00e8ves 4:35"},"aioseo_meta_data":{"post_id":"3069","title":null,"description":null,"keywords":null,"keyphrases":null,"primary_term":null,"canonical_url":null,"og_title":null,"og_description":null,"og_object_type":"default","og_image_type":"default","og_image_url":null,"og_image_width":null,"og_image_height":null,"og_image_custom_url":null,"og_image_custom_fields":null,"og_video":null,"og_custom_url":null,"og_article_section":null,"og_article_tags":null,"twitter_use_og":false,"twitter_card":"default","twitter_image_type":"default","twitter_image_url":null,"twitter_image_custom_url":null,"twitter_image_custom_fields":null,"twitter_title":null,"twitter_description":null,"schema":{"blockGraphs":[],"customGraphs":[],"default":{"data":{"Article":[],"Course":[],"Dataset":[],"FAQPage":[],"Movie":[],"Person":[],"Product":[],"ProductReview":[],"Car":[],"Recipe":[],"Service":[],"SoftwareApplication":[],"WebPage":[]},"graphName":"","isEnabled":true},"graphs":[]},"schema_type":"default","schema_type_options":null,"pillar_content":false,"robots_default":true,"robots_noindex":false,"robots_noarchive":false,"robots_nosnippet":false,"robots_nofollow":false,"robots_noimageindex":false,"robots_noodp":false,"robots_notranslate":false,"robots_max_snippet":null,"robots_max_videopreview":null,"robots_max_imagepreview":"large","priority":null,"frequency":null,"local_seo":null,"breadcrumb_settings":null,"limit_modified_date":false,"ai":null,"created":"2023-01-06 14:36:05","updated":"2025-06-04 18:36:11","seo_analyzer_scan_date":null,"focus_keyword":null,"additional_keywords":null,"truseo_locale":null},"aioseo_breadcrumb":"<div class=\"aioseo-breadcrumbs\"><span class=\"aioseo-breadcrumb\">\n\t\t\t<a href=\"http:\/\/lucarne-opposee.fr\/leblog\" title=\"Home\">Home<\/a>\n\t\t<\/span><span class=\"aioseo-breadcrumb-separator\">&raquo;<\/span><span class=\"aioseo-breadcrumb\">\n\t\t\t<a href=\"http:\/\/lucarne-opposee.fr\/leblog\/category\/podcasts\/\" title=\"Podcasts\">Podcasts<\/a>\n\t\t<\/span><span class=\"aioseo-breadcrumb-separator\">&raquo;<\/span><span class=\"aioseo-breadcrumb\">\n\t\t\tPodcast Efrikya S01E02 : Guin\u00e9e au CHAN et candidature Maroc 2026\n\t\t<\/span><\/div>","aioseo_breadcrumb_json":[{"label":"Home","link":"http:\/\/lucarne-opposee.fr\/leblog"},{"label":"Podcasts","link":"http:\/\/lucarne-opposee.fr\/leblog\/category\/podcasts\/"},{"label":"Podcast Efrikya S01E02 : Guin\u00e9e au CHAN et candidature Maroc 2026","link":"http:\/\/lucarne-opposee.fr\/leblog\/podcast-efrikya-s01e02-guinee-au-chan-et-candidature-maroc-2026\/"}],"_links":{"self":[{"href":"http:\/\/lucarne-opposee.fr\/leblog\/wp-json\/wp\/v2\/posts\/3069","targetHints":{"allow":["GET"]}}],"collection":[{"href":"http:\/\/lucarne-opposee.fr\/leblog\/wp-json\/wp\/v2\/posts"}],"about":[{"href":"http:\/\/lucarne-opposee.fr\/leblog\/wp-json\/wp\/v2\/types\/post"}],"author":[{"embeddable":true,"href":"http:\/\/lucarne-opposee.fr\/leblog\/wp-json\/wp\/v2\/users\/1"}],"replies":[{"embeddable":true,"href":"http:\/\/lucarne-opposee.fr\/leblog\/wp-json\/wp\/v2\/comments?post=3069"}],"version-history":[{"count":2,"href":"http:\/\/lucarne-opposee.fr\/leblog\/wp-json\/wp\/v2\/posts\/3069\/revisions"}],"predecessor-version":[{"id":3071,"href":"http:\/\/lucarne-opposee.fr\/leblog\/wp-json\/wp\/v2\/posts\/3069\/revisions\/3071"}],"wp:attachment":[{"href":"http:\/\/lucarne-opposee.fr\/leblog\/wp-json\/wp\/v2\/media?parent=3069"}],"wp:term":[{"taxonomy":"category","embeddable":true,"href":"http:\/\/lucarne-opposee.fr\/leblog\/wp-json\/wp\/v2\/categories?post=3069"},{"taxonomy":"post_tag","embeddable":true,"href":"http:\/\/lucarne-opposee.fr\/leblog\/wp-json\/wp\/v2\/tags?post=3069"}],"curies":[{"name":"wp","href":"https:\/\/api.w.org\/{rel}","templated":true}]}}