{"id":3073,"date":"2018-02-01T23:15:52","date_gmt":"2018-02-01T21:15:52","guid":{"rendered":"http:\/\/lucarne-opposee.fr\/leblog\/?p=3073"},"modified":"2018-02-02T00:49:07","modified_gmt":"2018-02-01T22:49:07","slug":"podcast-bola-latina-s01e03-reprise-du-championnat-en-colombie-et-en-uruguay","status":"publish","type":"post","link":"http:\/\/lucarne-opposee.fr\/leblog\/podcast-bola-latina-s01e03-reprise-du-championnat-en-colombie-et-en-uruguay\/","title":{"rendered":"Podcast Bola Latina S01E03 : Reprise du championnat en Colombie et en Uruguay"},"content":{"rendered":"<p><strong>Troisi\u00e8me \u00e9pisode de Bola Latina, le podcast 100% Football Latino de la r\u00e9daction de Lucarne Oppos\u00e9e.&nbsp;En plus des noticias continentales, on se concentre cette semaine sur deux pays d&rsquo;Am\u00e9rique du Sud, la Colombie et l&rsquo;Uruguay, pour qui l&rsquo;heure du retour du championnat a sonn\u00e9.&nbsp;<\/strong><br \/>\n<!--more--><\/p>\n<p>Animation et montage, Simon Balacheff (<a style=\"color: #0000ff;\" href=\"https:\/\/twitter.com\/SElGranVaron\">@SElGranVaron<\/a>)<br \/>\nAvec Pierre Gerbeaud (<a style=\"color: #0000ff;\" href=\"https:\/\/twitter.com\/PierreGerbeaud\">@PierreGerbeaud<\/a>) et&nbsp;J\u00e9r\u00f4me Lecigne (<a style=\"color: #0000ff;\" href=\"https:\/\/twitter.com\/UruguayoFr\">@UruguayoFr<\/a>).<\/p>\n<p>Cr\u00e9dits : Musiques : Funky Elements et Going Higher, Bensound https:\/\/www.bensound.com \/ TheFatRat &#8211; Prelude (Jackpot EP Track 3) <a href=\"https:\/\/www.youtube.com\/watch?v=kzr5RQE0tZs\">https:\/\/www.youtube.com\/watch?v=kzr5RQE0tZs<\/a> \/ Grupo Raices &#8211; Fiesta \/ El Zurdo Bessio &#8211; Himno Nacional Uruguayo<\/p>\n<h4><strong>Le sommaire<\/strong><\/h4>\n<p>&nbsp;<br \/>\n1:05 &#8211; Les Noticias<br \/>\n7:50 &#8211; Reprise en Colombie<br \/>\n35:10 &#8211; Reprise en Uruguay<\/p>\n<h4><strong>Le podcast<\/strong><\/h4>\n<div class=\"powerpress_player\" id=\"powerpress_player_3111\"><audio class=\"wp-audio-shortcode\" id=\"audio-3073-1\" preload=\"none\" style=\"width: 100%;\" controls=\"controls\"><source type=\"audio\/mpeg\" src=\"http:\/\/lucarne-opposee.fr\/podcasts\/bl_3_reprises_en_colombie_et_uruguay.mp3?_=1\" \/><a href=\"http:\/\/lucarne-opposee.fr\/podcasts\/bl_3_reprises_en_colombie_et_uruguay.mp3\">http:\/\/lucarne-opposee.fr\/podcasts\/bl_3_reprises_en_colombie_et_uruguay.mp3<\/a><\/audio><\/div><p class=\"powerpress_links powerpress_links_mp3\" style=\"margin-bottom: 1px !important;\">Podcast: <a href=\"http:\/\/lucarne-opposee.fr\/podcasts\/bl_3_reprises_en_colombie_et_uruguay.mp3\" class=\"powerpress_link_pinw\" target=\"_blank\" title=\"Play in new window\" onclick=\"return powerpress_pinw('http:\/\/lucarne-opposee.fr\/leblog\/?powerpress_pinw=3073-podcast');\" rel=\"nofollow\">Play in new window<\/a> | <a href=\"http:\/\/lucarne-opposee.fr\/podcasts\/bl_3_reprises_en_colombie_et_uruguay.mp3\" class=\"powerpress_link_d\" title=\"Download\" rel=\"nofollow\" download=\"bl_3_reprises_en_colombie_et_uruguay.mp3\">Download<\/a><\/p><p class=\"powerpress_links powerpress_subscribe_links\">Subscribe: <a href=\"http:\/\/lucarne-opposee.fr\/leblog\/feed\/podcast\/\" class=\"powerpress_link_subscribe powerpress_link_subscribe_rss\" target=\"_blank\" title=\"Subscribe via RSS\" rel=\"nofollow\">RSS<\/a><\/p>","protected":false},"excerpt":{"rendered":"<p class=\"excerpt\">Troisi\u00e8me \u00e9pisode de Bola Latina, le podcast 100% Football Latino de la r\u00e9daction de Lucarne Oppos\u00e9e.&nbsp;En plus des noticias continentales, on se concentre cette semaine sur deux pays d&rsquo;Am\u00e9rique du Sud, la Colombie et l&rsquo;Uruguay, pour qui l&rsquo;heure du retour du championnat a sonn\u00e9.&nbsp; <a href=\"http:\/\/lucarne-opposee.fr\/leblog\/podcast-bola-latina-s01e03-reprise-du-championnat-en-colombie-et-en-uruguay\/\">Read more &rarr;<\/a><\/p>\n","protected":false},"author":1,"featured_media":0,"comment_status":"open","ping_status":"open","sticky":false,"template":"","format":"standard","meta":{"om_disable_all_campaigns":false,"_monsterinsights_skip_tracking":false,"footnotes":""},"categories":[717],"tags":[],"class_list":["post-3073","post","type-post","status-publish","format-standard","hentry","category-podcasts","xfolkentry"],"aioseo_notices":[],"aioseo_head":"\n\t\t<!-- All in One SEO 5.0.0.1 - aioseo.com -->\n\t<meta name=\"description\" content=\"Troisi\u00e8me \u00e9pisode de Bola Latina, le podcast 100% Football Latino de la r\u00e9daction de Lucarne Oppos\u00e9e. En plus des noticias continentales, on se concentre cette semaine sur deux pays d&#039;Am\u00e9rique du Sud, la Colombie et l&#039;Uruguay, pour qui l&#039;heure du retour du championnat a sonn\u00e9. Animation et montage, Simon Balacheff (@SElGranVaron) Avec Pierre Gerbeaud (@PierreGerbeaud) et J\u00e9r\u00f4me\" \/>\n\t<meta name=\"robots\" content=\"max-image-preview:large\" \/>\n\t<meta name=\"author\" content=\"Nicolas\"\/>\n\t<link rel=\"canonical\" href=\"http:\/\/lucarne-opposee.fr\/leblog\/podcast-bola-latina-s01e03-reprise-du-championnat-en-colombie-et-en-uruguay\/\" \/>\n\t<meta name=\"generator\" content=\"All in One SEO (AIOSEO) 5.0.0.1\" \/>\n\t\t<meta property=\"og:locale\" content=\"fr_FR\" \/>\n\t\t<meta property=\"og:site_name\" content=\"Le blog de L-O -\" \/>\n\t\t<meta property=\"og:type\" content=\"article\" \/>\n\t\t<meta property=\"og:title\" content=\"Podcast Bola Latina S01E03 : Reprise du championnat en Colombie et en Uruguay - Le blog de L-O\" \/>\n\t\t<meta property=\"og:description\" content=\"Troisi\u00e8me \u00e9pisode de Bola Latina, le podcast 100% Football Latino de la r\u00e9daction de Lucarne Oppos\u00e9e. En plus des noticias continentales, on se concentre cette semaine sur deux pays d&#039;Am\u00e9rique du Sud, la Colombie et l&#039;Uruguay, pour qui l&#039;heure du retour du championnat a sonn\u00e9. Animation et montage, Simon Balacheff (@SElGranVaron) Avec Pierre Gerbeaud (@PierreGerbeaud) et J\u00e9r\u00f4me\" \/>\n\t\t<meta property=\"og:url\" content=\"http:\/\/lucarne-opposee.fr\/leblog\/podcast-bola-latina-s01e03-reprise-du-championnat-en-colombie-et-en-uruguay\/\" \/>\n\t\t<meta property=\"article:published_time\" content=\"2018-02-01T21:15:52+00:00\" \/>\n\t\t<meta property=\"article:modified_time\" content=\"2018-02-01T22:49:07+00:00\" \/>\n\t\t<meta name=\"twitter:card\" content=\"summary_large_image\" \/>\n\t\t<meta name=\"twitter:title\" content=\"Podcast Bola Latina S01E03 : Reprise du championnat en Colombie et en Uruguay - Le blog de L-O\" \/>\n\t\t<meta name=\"twitter:description\" content=\"Troisi\u00e8me \u00e9pisode de Bola Latina, le podcast 100% Football Latino de la r\u00e9daction de Lucarne Oppos\u00e9e. En plus des noticias continentales, on se concentre cette semaine sur deux pays d&#039;Am\u00e9rique du Sud, la Colombie et l&#039;Uruguay, pour qui l&#039;heure du retour du championnat a sonn\u00e9. Animation et montage, Simon Balacheff (@SElGranVaron) Avec Pierre Gerbeaud (@PierreGerbeaud) et J\u00e9r\u00f4me\" \/>\n\t\t<script type=\"application\/ld+json\" class=\"aioseo-schema\">\n\t\t\t{\"@context\":\"https:\\\/\\\/schema.org\",\"@graph\":[{\"@type\":\"BlogPosting\",\"@id\":\"http:\\\/\\\/lucarne-opposee.fr\\\/leblog\\\/podcast-bola-latina-s01e03-reprise-du-championnat-en-colombie-et-en-uruguay\\\/#blogposting\",\"name\":\"Podcast Bola Latina S01E03 : Reprise du championnat en Colombie et en Uruguay - Le blog de L-O\",\"headline\":\"Podcast Bola Latina S01E03 : Reprise du championnat en Colombie et en Uruguay\",\"author\":{\"@id\":\"http:\\\/\\\/lucarne-opposee.fr\\\/leblog\\\/author\\\/admin\\\/#author\"},\"publisher\":{\"@id\":\"http:\\\/\\\/lucarne-opposee.fr\\\/leblog\\\/#organization\"},\"datePublished\":\"2018-02-01T23:15:52+02:00\",\"dateModified\":\"2018-02-02T00:49:07+02:00\",\"inLanguage\":\"fr-FR\",\"mainEntityOfPage\":{\"@id\":\"http:\\\/\\\/lucarne-opposee.fr\\\/leblog\\\/podcast-bola-latina-s01e03-reprise-du-championnat-en-colombie-et-en-uruguay\\\/#webpage\"},\"isPartOf\":{\"@id\":\"http:\\\/\\\/lucarne-opposee.fr\\\/leblog\\\/podcast-bola-latina-s01e03-reprise-du-championnat-en-colombie-et-en-uruguay\\\/#webpage\"},\"articleSection\":\"Podcasts\"},{\"@type\":\"BreadcrumbList\",\"@id\":\"http:\\\/\\\/lucarne-opposee.fr\\\/leblog\\\/podcast-bola-latina-s01e03-reprise-du-championnat-en-colombie-et-en-uruguay\\\/#breadcrumblist\",\"itemListElement\":[{\"@type\":\"ListItem\",\"@id\":\"http:\\\/\\\/lucarne-opposee.fr\\\/leblog#listItem\",\"position\":1,\"name\":\"Home\",\"item\":\"http:\\\/\\\/lucarne-opposee.fr\\\/leblog\",\"nextItem\":{\"@type\":\"ListItem\",\"@id\":\"http:\\\/\\\/lucarne-opposee.fr\\\/leblog\\\/category\\\/podcasts\\\/#listItem\",\"name\":\"Podcasts\"}},{\"@type\":\"ListItem\",\"@id\":\"http:\\\/\\\/lucarne-opposee.fr\\\/leblog\\\/category\\\/podcasts\\\/#listItem\",\"position\":2,\"name\":\"Podcasts\",\"item\":\"http:\\\/\\\/lucarne-opposee.fr\\\/leblog\\\/category\\\/podcasts\\\/\",\"nextItem\":{\"@type\":\"ListItem\",\"@id\":\"http:\\\/\\\/lucarne-opposee.fr\\\/leblog\\\/podcast-bola-latina-s01e03-reprise-du-championnat-en-colombie-et-en-uruguay\\\/#listItem\",\"name\":\"Podcast Bola Latina S01E03 : Reprise du championnat en Colombie et en Uruguay\"},\"previousItem\":{\"@type\":\"ListItem\",\"@id\":\"http:\\\/\\\/lucarne-opposee.fr\\\/leblog#listItem\",\"name\":\"Home\"}},{\"@type\":\"ListItem\",\"@id\":\"http:\\\/\\\/lucarne-opposee.fr\\\/leblog\\\/podcast-bola-latina-s01e03-reprise-du-championnat-en-colombie-et-en-uruguay\\\/#listItem\",\"position\":3,\"name\":\"Podcast Bola Latina S01E03 : Reprise du championnat en Colombie et en Uruguay\",\"previousItem\":{\"@type\":\"ListItem\",\"@id\":\"http:\\\/\\\/lucarne-opposee.fr\\\/leblog\\\/category\\\/podcasts\\\/#listItem\",\"name\":\"Podcasts\"}}]},{\"@type\":\"Organization\",\"@id\":\"http:\\\/\\\/lucarne-opposee.fr\\\/leblog\\\/#organization\",\"name\":\"Le blog de L-O\",\"url\":\"http:\\\/\\\/lucarne-opposee.fr\\\/leblog\\\/\"},{\"@type\":\"Person\",\"@id\":\"http:\\\/\\\/lucarne-opposee.fr\\\/leblog\\\/author\\\/admin\\\/#author\",\"url\":\"http:\\\/\\\/lucarne-opposee.fr\\\/leblog\\\/author\\\/admin\\\/\",\"name\":\"Nicolas\",\"image\":{\"@type\":\"ImageObject\",\"@id\":\"http:\\\/\\\/lucarne-opposee.fr\\\/leblog\\\/podcast-bola-latina-s01e03-reprise-du-championnat-en-colombie-et-en-uruguay\\\/#authorImage\",\"url\":\"https:\\\/\\\/secure.gravatar.com\\\/avatar\\\/4d7059722a266a922e604fba54976485540cba3441182b1dc6aa3320d84eefdc?s=96&r=g\",\"width\":96,\"height\":96,\"caption\":\"Nicolas\"}},{\"@type\":\"WebPage\",\"@id\":\"http:\\\/\\\/lucarne-opposee.fr\\\/leblog\\\/podcast-bola-latina-s01e03-reprise-du-championnat-en-colombie-et-en-uruguay\\\/#webpage\",\"url\":\"http:\\\/\\\/lucarne-opposee.fr\\\/leblog\\\/podcast-bola-latina-s01e03-reprise-du-championnat-en-colombie-et-en-uruguay\\\/\",\"name\":\"Podcast Bola Latina S01E03 : Reprise du championnat en Colombie et en Uruguay - Le blog de L-O\",\"description\":\"Troisi\\u00e8me \\u00e9pisode de Bola Latina, le podcast 100% Football Latino de la r\\u00e9daction de Lucarne Oppos\\u00e9e. En plus des noticias continentales, on se concentre cette semaine sur deux pays d'Am\\u00e9rique du Sud, la Colombie et l'Uruguay, pour qui l'heure du retour du championnat a sonn\\u00e9. Animation et montage, Simon Balacheff (@SElGranVaron) Avec Pierre Gerbeaud (@PierreGerbeaud) et J\\u00e9r\\u00f4me\",\"inLanguage\":\"fr-FR\",\"isPartOf\":{\"@id\":\"http:\\\/\\\/lucarne-opposee.fr\\\/leblog\\\/#website\"},\"breadcrumb\":{\"@id\":\"http:\\\/\\\/lucarne-opposee.fr\\\/leblog\\\/podcast-bola-latina-s01e03-reprise-du-championnat-en-colombie-et-en-uruguay\\\/#breadcrumblist\"},\"author\":{\"@id\":\"http:\\\/\\\/lucarne-opposee.fr\\\/leblog\\\/author\\\/admin\\\/#author\"},\"creator\":{\"@id\":\"http:\\\/\\\/lucarne-opposee.fr\\\/leblog\\\/author\\\/admin\\\/#author\"},\"datePublished\":\"2018-02-01T23:15:52+02:00\",\"dateModified\":\"2018-02-02T00:49:07+02:00\"},{\"@type\":\"WebSite\",\"@id\":\"http:\\\/\\\/lucarne-opposee.fr\\\/leblog\\\/#website\",\"url\":\"http:\\\/\\\/lucarne-opposee.fr\\\/leblog\\\/\",\"name\":\"Le blog de L-O\",\"inLanguage\":\"fr-FR\",\"publisher\":{\"@id\":\"http:\\\/\\\/lucarne-opposee.fr\\\/leblog\\\/#organization\"}}]}\n\t\t<\/script>\n\t\t<!-- All in One SEO -->\n\n","aioseo_head_json":{"title":"Podcast Bola Latina S01E03 : Reprise du championnat en Colombie et en Uruguay - Le blog de L-O","description":"Troisi\u00e8me \u00e9pisode de Bola Latina, le podcast 100% Football Latino de la r\u00e9daction de Lucarne Oppos\u00e9e. En plus des noticias continentales, on se concentre cette semaine sur deux pays d'Am\u00e9rique du Sud, la Colombie et l'Uruguay, pour qui l'heure du retour du championnat a sonn\u00e9. Animation et montage, Simon Balacheff (@SElGranVaron) Avec Pierre Gerbeaud (@PierreGerbeaud) et J\u00e9r\u00f4me","canonical_url":"http:\/\/lucarne-opposee.fr\/leblog\/podcast-bola-latina-s01e03-reprise-du-championnat-en-colombie-et-en-uruguay\/","robots":"max-image-preview:large","keywords":"","webmasterTools":{"miscellaneous":""},"schema":{"@context":"https:\/\/schema.org","@graph":[{"@type":"BlogPosting","@id":"http:\/\/lucarne-opposee.fr\/leblog\/podcast-bola-latina-s01e03-reprise-du-championnat-en-colombie-et-en-uruguay\/#blogposting","name":"Podcast Bola Latina S01E03 : Reprise du championnat en Colombie et en Uruguay - Le blog de L-O","headline":"Podcast Bola Latina S01E03 : Reprise du championnat en Colombie et en Uruguay","author":{"@id":"http:\/\/lucarne-opposee.fr\/leblog\/author\/admin\/#author"},"publisher":{"@id":"http:\/\/lucarne-opposee.fr\/leblog\/#organization"},"datePublished":"2018-02-01T23:15:52+02:00","dateModified":"2018-02-02T00:49:07+02:00","inLanguage":"fr-FR","mainEntityOfPage":{"@id":"http:\/\/lucarne-opposee.fr\/leblog\/podcast-bola-latina-s01e03-reprise-du-championnat-en-colombie-et-en-uruguay\/#webpage"},"isPartOf":{"@id":"http:\/\/lucarne-opposee.fr\/leblog\/podcast-bola-latina-s01e03-reprise-du-championnat-en-colombie-et-en-uruguay\/#webpage"},"articleSection":"Podcasts"},{"@type":"BreadcrumbList","@id":"http:\/\/lucarne-opposee.fr\/leblog\/podcast-bola-latina-s01e03-reprise-du-championnat-en-colombie-et-en-uruguay\/#breadcrumblist","itemListElement":[{"@type":"ListItem","@id":"http:\/\/lucarne-opposee.fr\/leblog#listItem","position":1,"name":"Home","item":"http:\/\/lucarne-opposee.fr\/leblog","nextItem":{"@type":"ListItem","@id":"http:\/\/lucarne-opposee.fr\/leblog\/category\/podcasts\/#listItem","name":"Podcasts"}},{"@type":"ListItem","@id":"http:\/\/lucarne-opposee.fr\/leblog\/category\/podcasts\/#listItem","position":2,"name":"Podcasts","item":"http:\/\/lucarne-opposee.fr\/leblog\/category\/podcasts\/","nextItem":{"@type":"ListItem","@id":"http:\/\/lucarne-opposee.fr\/leblog\/podcast-bola-latina-s01e03-reprise-du-championnat-en-colombie-et-en-uruguay\/#listItem","name":"Podcast Bola Latina S01E03 : Reprise du championnat en Colombie et en Uruguay"},"previousItem":{"@type":"ListItem","@id":"http:\/\/lucarne-opposee.fr\/leblog#listItem","name":"Home"}},{"@type":"ListItem","@id":"http:\/\/lucarne-opposee.fr\/leblog\/podcast-bola-latina-s01e03-reprise-du-championnat-en-colombie-et-en-uruguay\/#listItem","position":3,"name":"Podcast Bola Latina S01E03 : Reprise du championnat en Colombie et en Uruguay","previousItem":{"@type":"ListItem","@id":"http:\/\/lucarne-opposee.fr\/leblog\/category\/podcasts\/#listItem","name":"Podcasts"}}]},{"@type":"Organization","@id":"http:\/\/lucarne-opposee.fr\/leblog\/#organization","name":"Le blog de L-O","url":"http:\/\/lucarne-opposee.fr\/leblog\/"},{"@type":"Person","@id":"http:\/\/lucarne-opposee.fr\/leblog\/author\/admin\/#author","url":"http:\/\/lucarne-opposee.fr\/leblog\/author\/admin\/","name":"Nicolas","image":{"@type":"ImageObject","@id":"http:\/\/lucarne-opposee.fr\/leblog\/podcast-bola-latina-s01e03-reprise-du-championnat-en-colombie-et-en-uruguay\/#authorImage","url":"https:\/\/secure.gravatar.com\/avatar\/4d7059722a266a922e604fba54976485540cba3441182b1dc6aa3320d84eefdc?s=96&r=g","width":96,"height":96,"caption":"Nicolas"}},{"@type":"WebPage","@id":"http:\/\/lucarne-opposee.fr\/leblog\/podcast-bola-latina-s01e03-reprise-du-championnat-en-colombie-et-en-uruguay\/#webpage","url":"http:\/\/lucarne-opposee.fr\/leblog\/podcast-bola-latina-s01e03-reprise-du-championnat-en-colombie-et-en-uruguay\/","name":"Podcast Bola Latina S01E03 : Reprise du championnat en Colombie et en Uruguay - Le blog de L-O","description":"Troisi\u00e8me \u00e9pisode de Bola Latina, le podcast 100% Football Latino de la r\u00e9daction de Lucarne Oppos\u00e9e. En plus des noticias continentales, on se concentre cette semaine sur deux pays d'Am\u00e9rique du Sud, la Colombie et l'Uruguay, pour qui l'heure du retour du championnat a sonn\u00e9. Animation et montage, Simon Balacheff (@SElGranVaron) Avec Pierre Gerbeaud (@PierreGerbeaud) et J\u00e9r\u00f4me","inLanguage":"fr-FR","isPartOf":{"@id":"http:\/\/lucarne-opposee.fr\/leblog\/#website"},"breadcrumb":{"@id":"http:\/\/lucarne-opposee.fr\/leblog\/podcast-bola-latina-s01e03-reprise-du-championnat-en-colombie-et-en-uruguay\/#breadcrumblist"},"author":{"@id":"http:\/\/lucarne-opposee.fr\/leblog\/author\/admin\/#author"},"creator":{"@id":"http:\/\/lucarne-opposee.fr\/leblog\/author\/admin\/#author"},"datePublished":"2018-02-01T23:15:52+02:00","dateModified":"2018-02-02T00:49:07+02:00"},{"@type":"WebSite","@id":"http:\/\/lucarne-opposee.fr\/leblog\/#website","url":"http:\/\/lucarne-opposee.fr\/leblog\/","name":"Le blog de L-O","inLanguage":"fr-FR","publisher":{"@id":"http:\/\/lucarne-opposee.fr\/leblog\/#organization"}}]},"og:locale":"fr_FR","og:site_name":"Le blog de L-O -","og:type":"article","og:title":"Podcast Bola Latina S01E03 : Reprise du championnat en Colombie et en Uruguay - Le blog de L-O","og:description":"Troisi\u00e8me \u00e9pisode de Bola Latina, le podcast 100% Football Latino de la r\u00e9daction de Lucarne Oppos\u00e9e. En plus des noticias continentales, on se concentre cette semaine sur deux pays d'Am\u00e9rique du Sud, la Colombie et l'Uruguay, pour qui l'heure du retour du championnat a sonn\u00e9. Animation et montage, Simon Balacheff (@SElGranVaron) Avec Pierre Gerbeaud (@PierreGerbeaud) et J\u00e9r\u00f4me","og:url":"http:\/\/lucarne-opposee.fr\/leblog\/podcast-bola-latina-s01e03-reprise-du-championnat-en-colombie-et-en-uruguay\/","article:published_time":"2018-02-01T21:15:52+00:00","article:modified_time":"2018-02-01T22:49:07+00:00","twitter:card":"summary_large_image","twitter:title":"Podcast Bola Latina S01E03 : Reprise du championnat en Colombie et en Uruguay - Le blog de L-O","twitter:description":"Troisi\u00e8me \u00e9pisode de Bola Latina, le podcast 100% Football Latino de la r\u00e9daction de Lucarne Oppos\u00e9e. En plus des noticias continentales, on se concentre cette semaine sur deux pays d'Am\u00e9rique du Sud, la Colombie et l'Uruguay, pour qui l'heure du retour du championnat a sonn\u00e9. Animation et montage, Simon Balacheff (@SElGranVaron) Avec Pierre Gerbeaud (@PierreGerbeaud) et J\u00e9r\u00f4me"},"aioseo_meta_data":{"post_id":"3073","title":null,"description":null,"keywords":null,"keyphrases":null,"primary_term":null,"canonical_url":null,"og_title":null,"og_description":null,"og_object_type":"default","og_image_type":"default","og_image_url":null,"og_image_width":null,"og_image_height":null,"og_image_custom_url":null,"og_image_custom_fields":null,"og_video":null,"og_custom_url":null,"og_article_section":null,"og_article_tags":null,"twitter_use_og":false,"twitter_card":"default","twitter_image_type":"default","twitter_image_url":null,"twitter_image_custom_url":null,"twitter_image_custom_fields":null,"twitter_title":null,"twitter_description":null,"schema":{"blockGraphs":[],"customGraphs":[],"default":{"data":{"Article":[],"Course":[],"Dataset":[],"FAQPage":[],"Movie":[],"Person":[],"Product":[],"ProductReview":[],"Car":[],"Recipe":[],"Service":[],"SoftwareApplication":[],"WebPage":[]},"graphName":"","isEnabled":true},"graphs":[]},"schema_type":"default","schema_type_options":null,"pillar_content":false,"robots_default":true,"robots_noindex":false,"robots_noarchive":false,"robots_nosnippet":false,"robots_nofollow":false,"robots_noimageindex":false,"robots_noodp":false,"robots_notranslate":false,"robots_max_snippet":null,"robots_max_videopreview":null,"robots_max_imagepreview":"large","priority":null,"frequency":null,"local_seo":null,"breadcrumb_settings":null,"limit_modified_date":false,"ai":null,"created":"2023-01-06 14:36:05","updated":"2025-06-04 18:36:11","seo_analyzer_scan_date":null,"focus_keyword":null,"additional_keywords":null,"truseo_locale":null},"aioseo_breadcrumb":"<div class=\"aioseo-breadcrumbs\"><span class=\"aioseo-breadcrumb\">\n\t\t\t<a href=\"http:\/\/lucarne-opposee.fr\/leblog\" title=\"Home\">Home<\/a>\n\t\t<\/span><span class=\"aioseo-breadcrumb-separator\">&raquo;<\/span><span class=\"aioseo-breadcrumb\">\n\t\t\t<a href=\"http:\/\/lucarne-opposee.fr\/leblog\/category\/podcasts\/\" title=\"Podcasts\">Podcasts<\/a>\n\t\t<\/span><span class=\"aioseo-breadcrumb-separator\">&raquo;<\/span><span class=\"aioseo-breadcrumb\">\n\t\t\tPodcast Bola Latina S01E03 : Reprise du championnat en Colombie et en Uruguay\n\t\t<\/span><\/div>","aioseo_breadcrumb_json":[{"label":"Home","link":"http:\/\/lucarne-opposee.fr\/leblog"},{"label":"Podcasts","link":"http:\/\/lucarne-opposee.fr\/leblog\/category\/podcasts\/"},{"label":"Podcast Bola Latina S01E03 : Reprise du championnat en Colombie et en Uruguay","link":"http:\/\/lucarne-opposee.fr\/leblog\/podcast-bola-latina-s01e03-reprise-du-championnat-en-colombie-et-en-uruguay\/"}],"_links":{"self":[{"href":"http:\/\/lucarne-opposee.fr\/leblog\/wp-json\/wp\/v2\/posts\/3073","targetHints":{"allow":["GET"]}}],"collection":[{"href":"http:\/\/lucarne-opposee.fr\/leblog\/wp-json\/wp\/v2\/posts"}],"about":[{"href":"http:\/\/lucarne-opposee.fr\/leblog\/wp-json\/wp\/v2\/types\/post"}],"author":[{"embeddable":true,"href":"http:\/\/lucarne-opposee.fr\/leblog\/wp-json\/wp\/v2\/users\/1"}],"replies":[{"embeddable":true,"href":"http:\/\/lucarne-opposee.fr\/leblog\/wp-json\/wp\/v2\/comments?post=3073"}],"version-history":[{"count":4,"href":"http:\/\/lucarne-opposee.fr\/leblog\/wp-json\/wp\/v2\/posts\/3073\/revisions"}],"predecessor-version":[{"id":3114,"href":"http:\/\/lucarne-opposee.fr\/leblog\/wp-json\/wp\/v2\/posts\/3073\/revisions\/3114"}],"wp:attachment":[{"href":"http:\/\/lucarne-opposee.fr\/leblog\/wp-json\/wp\/v2\/media?parent=3073"}],"wp:term":[{"taxonomy":"category","embeddable":true,"href":"http:\/\/lucarne-opposee.fr\/leblog\/wp-json\/wp\/v2\/categories?post=3073"},{"taxonomy":"post_tag","embeddable":true,"href":"http:\/\/lucarne-opposee.fr\/leblog\/wp-json\/wp\/v2\/tags?post=3073"}],"curies":[{"name":"wp","href":"https:\/\/api.w.org\/{rel}","templated":true}]}}