{"id":3132,"date":"2018-03-03T01:53:58","date_gmt":"2018-03-02T23:53:58","guid":{"rendered":"http:\/\/lucarne-opposee.fr\/leblog\/?p=3132"},"modified":"2018-03-03T01:53:58","modified_gmt":"2018-03-02T23:53:58","slug":"podcast-efrikya-s01e05-focus-sur-six-affiches-de-ligue-des-champions","status":"publish","type":"post","link":"http:\/\/lucarne-opposee.fr\/leblog\/podcast-efrikya-s01e05-focus-sur-six-affiches-de-ligue-des-champions\/","title":{"rendered":"Podcast Efrikya S01E05 : Focus sur six affiches de Ligue des Champions"},"content":{"rendered":"<p><strong>Cinqui\u00e8me \u00e9pisode d&rsquo;Efrikya, votre rendez-vous Afrique de l&rsquo;\u00e9quipe Lucarne Oppos\u00e9e. Au menu cette semaine le retour de la Ligue des Champions avec six rencontres qui ont attir\u00e9 notre attention.<\/strong><!--more--><\/p>\n<p>Pr\u00e9sentation et montage : Simon Balacheff (<a style=\"color: #0000ff;\" href=\"https:\/\/twitter.com\/SElGranVaron\">@SElGranVaron<\/a>)<\/p>\n<p>Avec Pierre-Marie Gosselin (<a style=\"color: #0000ff;\" href=\"https:\/\/twitter.com\/Griotdelaballe\">@Griotdelaballe<\/a>) et Farouk Abdou&nbsp;(<a style=\"color: #0000ff;\" href=\"https:\/\/twitter.com\/fafarandole\">@fafarandole<\/a>)<\/p>\n<h4><strong>Sommaire<\/strong><\/h4>\n<p>1:30 &#8211; les Br\u00e8ves<br \/>\n4:40 &#8211; Gor Mahia &#8211; Esp\u00e9rance Tunis \/ Etoile du Sahel &#8211; Plateau United \/ Difaa El Jadida &#8211; AS Vita<br \/>\n23:10 &#8211; Saint George &#8211; KCCA \/ Young Africans &#8211; Townships Rollers \/ Togo-Port &#8211; Al-Hilal<\/p>\n<p>Musiques : Funky Elements et Going Higher &#8211; Bensound https:\/\/www.bensound.com \/ Shegueyro &#8211; Back to Motherland \/ Shegueyro &#8211; Welcome to Africa \/ Clozee &#8211; Apsara Calling \/ Damusika &#8211; Percafric<\/p>\n<h4><strong>Le podcast<\/strong><\/h4>\n<div class=\"powerpress_player\" id=\"powerpress_player_8339\"><audio class=\"wp-audio-shortcode\" id=\"audio-3132-1\" preload=\"none\" style=\"width: 100%;\" controls=\"controls\"><source type=\"audio\/mpeg\" src=\"http:\/\/lucarne-opposee.fr\/podcasts\/efrikya_5_focus_sur_6_affiches_de_ligue_des_champions.mp3?_=1\" \/><a href=\"http:\/\/lucarne-opposee.fr\/podcasts\/efrikya_5_focus_sur_6_affiches_de_ligue_des_champions.mp3\">http:\/\/lucarne-opposee.fr\/podcasts\/efrikya_5_focus_sur_6_affiches_de_ligue_des_champions.mp3<\/a><\/audio><\/div><p class=\"powerpress_links powerpress_links_mp3\" style=\"margin-bottom: 1px !important;\">Podcast: <a href=\"http:\/\/lucarne-opposee.fr\/podcasts\/efrikya_5_focus_sur_6_affiches_de_ligue_des_champions.mp3\" class=\"powerpress_link_pinw\" target=\"_blank\" title=\"Play in new window\" onclick=\"return powerpress_pinw('http:\/\/lucarne-opposee.fr\/leblog\/?powerpress_pinw=3132-podcast');\" rel=\"nofollow\">Play in new window<\/a> | <a href=\"http:\/\/lucarne-opposee.fr\/podcasts\/efrikya_5_focus_sur_6_affiches_de_ligue_des_champions.mp3\" class=\"powerpress_link_d\" title=\"Download\" rel=\"nofollow\" download=\"efrikya_5_focus_sur_6_affiches_de_ligue_des_champions.mp3\">Download<\/a><\/p><p class=\"powerpress_links powerpress_subscribe_links\">Subscribe: <a href=\"http:\/\/lucarne-opposee.fr\/leblog\/feed\/podcast\/\" class=\"powerpress_link_subscribe powerpress_link_subscribe_rss\" target=\"_blank\" title=\"Subscribe via RSS\" rel=\"nofollow\">RSS<\/a><\/p>","protected":false},"excerpt":{"rendered":"<p class=\"excerpt\">Cinqui\u00e8me \u00e9pisode d&rsquo;Efrikya, votre rendez-vous Afrique de l&rsquo;\u00e9quipe Lucarne Oppos\u00e9e. Au menu cette semaine le retour de la Ligue des Champions avec six rencontres qui ont attir\u00e9 notre attention. <a href=\"http:\/\/lucarne-opposee.fr\/leblog\/podcast-efrikya-s01e05-focus-sur-six-affiches-de-ligue-des-champions\/\">Read more &rarr;<\/a><\/p>\n","protected":false},"author":1,"featured_media":0,"comment_status":"open","ping_status":"open","sticky":false,"template":"","format":"standard","meta":{"om_disable_all_campaigns":false,"_monsterinsights_skip_tracking":false,"footnotes":""},"categories":[717],"tags":[],"class_list":["post-3132","post","type-post","status-publish","format-standard","hentry","category-podcasts","xfolkentry"],"aioseo_notices":[],"aioseo_head":"\n\t\t<!-- All in One SEO 5.0.0.1 - aioseo.com -->\n\t<meta name=\"description\" content=\"Cinqui\u00e8me \u00e9pisode d&#039;Efrikya, votre rendez-vous Afrique de l&#039;\u00e9quipe Lucarne Oppos\u00e9e. Au menu cette semaine le retour de la Ligue des Champions avec six rencontres qui ont attir\u00e9 notre attention. Pr\u00e9sentation et montage : Simon Balacheff (@SElGranVaron) Avec Pierre-Marie Gosselin (@Griotdelaballe) et Farouk Abdou (@fafarandole) Sommaire 1:30 - les Br\u00e8ves 4:40 - Gor Mahia - Esp\u00e9rance Tunis\" \/>\n\t<meta name=\"robots\" content=\"max-image-preview:large\" \/>\n\t<meta name=\"author\" content=\"Nicolas\"\/>\n\t<link rel=\"canonical\" href=\"http:\/\/lucarne-opposee.fr\/leblog\/podcast-efrikya-s01e05-focus-sur-six-affiches-de-ligue-des-champions\/\" \/>\n\t<meta name=\"generator\" content=\"All in One SEO (AIOSEO) 5.0.0.1\" \/>\n\t\t<meta property=\"og:locale\" content=\"fr_FR\" \/>\n\t\t<meta property=\"og:site_name\" content=\"Le blog de L-O -\" \/>\n\t\t<meta property=\"og:type\" content=\"article\" \/>\n\t\t<meta property=\"og:title\" content=\"Podcast Efrikya S01E05 : Focus sur six affiches de Ligue des Champions - Le blog de L-O\" \/>\n\t\t<meta property=\"og:description\" content=\"Cinqui\u00e8me \u00e9pisode d&#039;Efrikya, votre rendez-vous Afrique de l&#039;\u00e9quipe Lucarne Oppos\u00e9e. Au menu cette semaine le retour de la Ligue des Champions avec six rencontres qui ont attir\u00e9 notre attention. Pr\u00e9sentation et montage : Simon Balacheff (@SElGranVaron) Avec Pierre-Marie Gosselin (@Griotdelaballe) et Farouk Abdou (@fafarandole) Sommaire 1:30 - les Br\u00e8ves 4:40 - Gor Mahia - Esp\u00e9rance Tunis\" \/>\n\t\t<meta property=\"og:url\" content=\"http:\/\/lucarne-opposee.fr\/leblog\/podcast-efrikya-s01e05-focus-sur-six-affiches-de-ligue-des-champions\/\" \/>\n\t\t<meta property=\"article:published_time\" content=\"2018-03-02T23:53:58+00:00\" \/>\n\t\t<meta property=\"article:modified_time\" content=\"2018-03-02T23:53:58+00:00\" \/>\n\t\t<meta name=\"twitter:card\" content=\"summary_large_image\" \/>\n\t\t<meta name=\"twitter:title\" content=\"Podcast Efrikya S01E05 : Focus sur six affiches de Ligue des Champions - Le blog de L-O\" \/>\n\t\t<meta name=\"twitter:description\" content=\"Cinqui\u00e8me \u00e9pisode d&#039;Efrikya, votre rendez-vous Afrique de l&#039;\u00e9quipe Lucarne Oppos\u00e9e. Au menu cette semaine le retour de la Ligue des Champions avec six rencontres qui ont attir\u00e9 notre attention. Pr\u00e9sentation et montage : Simon Balacheff (@SElGranVaron) Avec Pierre-Marie Gosselin (@Griotdelaballe) et Farouk Abdou (@fafarandole) Sommaire 1:30 - les Br\u00e8ves 4:40 - Gor Mahia - Esp\u00e9rance Tunis\" \/>\n\t\t<script type=\"application\/ld+json\" class=\"aioseo-schema\">\n\t\t\t{\"@context\":\"https:\\\/\\\/schema.org\",\"@graph\":[{\"@type\":\"BlogPosting\",\"@id\":\"http:\\\/\\\/lucarne-opposee.fr\\\/leblog\\\/podcast-efrikya-s01e05-focus-sur-six-affiches-de-ligue-des-champions\\\/#blogposting\",\"name\":\"Podcast Efrikya S01E05 : Focus sur six affiches de Ligue des Champions - Le blog de L-O\",\"headline\":\"Podcast Efrikya S01E05 : Focus sur six affiches de Ligue des Champions\",\"author\":{\"@id\":\"http:\\\/\\\/lucarne-opposee.fr\\\/leblog\\\/author\\\/admin\\\/#author\"},\"publisher\":{\"@id\":\"http:\\\/\\\/lucarne-opposee.fr\\\/leblog\\\/#organization\"},\"datePublished\":\"2018-03-03T01:53:58+02:00\",\"dateModified\":\"2018-03-03T01:53:58+02:00\",\"inLanguage\":\"fr-FR\",\"mainEntityOfPage\":{\"@id\":\"http:\\\/\\\/lucarne-opposee.fr\\\/leblog\\\/podcast-efrikya-s01e05-focus-sur-six-affiches-de-ligue-des-champions\\\/#webpage\"},\"isPartOf\":{\"@id\":\"http:\\\/\\\/lucarne-opposee.fr\\\/leblog\\\/podcast-efrikya-s01e05-focus-sur-six-affiches-de-ligue-des-champions\\\/#webpage\"},\"articleSection\":\"Podcasts\"},{\"@type\":\"BreadcrumbList\",\"@id\":\"http:\\\/\\\/lucarne-opposee.fr\\\/leblog\\\/podcast-efrikya-s01e05-focus-sur-six-affiches-de-ligue-des-champions\\\/#breadcrumblist\",\"itemListElement\":[{\"@type\":\"ListItem\",\"@id\":\"http:\\\/\\\/lucarne-opposee.fr\\\/leblog#listItem\",\"position\":1,\"name\":\"Home\",\"item\":\"http:\\\/\\\/lucarne-opposee.fr\\\/leblog\",\"nextItem\":{\"@type\":\"ListItem\",\"@id\":\"http:\\\/\\\/lucarne-opposee.fr\\\/leblog\\\/category\\\/podcasts\\\/#listItem\",\"name\":\"Podcasts\"}},{\"@type\":\"ListItem\",\"@id\":\"http:\\\/\\\/lucarne-opposee.fr\\\/leblog\\\/category\\\/podcasts\\\/#listItem\",\"position\":2,\"name\":\"Podcasts\",\"item\":\"http:\\\/\\\/lucarne-opposee.fr\\\/leblog\\\/category\\\/podcasts\\\/\",\"nextItem\":{\"@type\":\"ListItem\",\"@id\":\"http:\\\/\\\/lucarne-opposee.fr\\\/leblog\\\/podcast-efrikya-s01e05-focus-sur-six-affiches-de-ligue-des-champions\\\/#listItem\",\"name\":\"Podcast Efrikya S01E05 : Focus sur six affiches de Ligue des Champions\"},\"previousItem\":{\"@type\":\"ListItem\",\"@id\":\"http:\\\/\\\/lucarne-opposee.fr\\\/leblog#listItem\",\"name\":\"Home\"}},{\"@type\":\"ListItem\",\"@id\":\"http:\\\/\\\/lucarne-opposee.fr\\\/leblog\\\/podcast-efrikya-s01e05-focus-sur-six-affiches-de-ligue-des-champions\\\/#listItem\",\"position\":3,\"name\":\"Podcast Efrikya S01E05 : Focus sur six affiches de Ligue des Champions\",\"previousItem\":{\"@type\":\"ListItem\",\"@id\":\"http:\\\/\\\/lucarne-opposee.fr\\\/leblog\\\/category\\\/podcasts\\\/#listItem\",\"name\":\"Podcasts\"}}]},{\"@type\":\"Organization\",\"@id\":\"http:\\\/\\\/lucarne-opposee.fr\\\/leblog\\\/#organization\",\"name\":\"Le blog de L-O\",\"url\":\"http:\\\/\\\/lucarne-opposee.fr\\\/leblog\\\/\"},{\"@type\":\"Person\",\"@id\":\"http:\\\/\\\/lucarne-opposee.fr\\\/leblog\\\/author\\\/admin\\\/#author\",\"url\":\"http:\\\/\\\/lucarne-opposee.fr\\\/leblog\\\/author\\\/admin\\\/\",\"name\":\"Nicolas\",\"image\":{\"@type\":\"ImageObject\",\"@id\":\"http:\\\/\\\/lucarne-opposee.fr\\\/leblog\\\/podcast-efrikya-s01e05-focus-sur-six-affiches-de-ligue-des-champions\\\/#authorImage\",\"url\":\"https:\\\/\\\/secure.gravatar.com\\\/avatar\\\/4d7059722a266a922e604fba54976485540cba3441182b1dc6aa3320d84eefdc?s=96&r=g\",\"width\":96,\"height\":96,\"caption\":\"Nicolas\"}},{\"@type\":\"WebPage\",\"@id\":\"http:\\\/\\\/lucarne-opposee.fr\\\/leblog\\\/podcast-efrikya-s01e05-focus-sur-six-affiches-de-ligue-des-champions\\\/#webpage\",\"url\":\"http:\\\/\\\/lucarne-opposee.fr\\\/leblog\\\/podcast-efrikya-s01e05-focus-sur-six-affiches-de-ligue-des-champions\\\/\",\"name\":\"Podcast Efrikya S01E05 : Focus sur six affiches de Ligue des Champions - Le blog de L-O\",\"description\":\"Cinqui\\u00e8me \\u00e9pisode d'Efrikya, votre rendez-vous Afrique de l'\\u00e9quipe Lucarne Oppos\\u00e9e. Au menu cette semaine le retour de la Ligue des Champions avec six rencontres qui ont attir\\u00e9 notre attention. Pr\\u00e9sentation et montage : Simon Balacheff (@SElGranVaron) Avec Pierre-Marie Gosselin (@Griotdelaballe) et Farouk Abdou (@fafarandole) Sommaire 1:30 - les Br\\u00e8ves 4:40 - Gor Mahia - Esp\\u00e9rance Tunis\",\"inLanguage\":\"fr-FR\",\"isPartOf\":{\"@id\":\"http:\\\/\\\/lucarne-opposee.fr\\\/leblog\\\/#website\"},\"breadcrumb\":{\"@id\":\"http:\\\/\\\/lucarne-opposee.fr\\\/leblog\\\/podcast-efrikya-s01e05-focus-sur-six-affiches-de-ligue-des-champions\\\/#breadcrumblist\"},\"author\":{\"@id\":\"http:\\\/\\\/lucarne-opposee.fr\\\/leblog\\\/author\\\/admin\\\/#author\"},\"creator\":{\"@id\":\"http:\\\/\\\/lucarne-opposee.fr\\\/leblog\\\/author\\\/admin\\\/#author\"},\"datePublished\":\"2018-03-03T01:53:58+02:00\",\"dateModified\":\"2018-03-03T01:53:58+02:00\"},{\"@type\":\"WebSite\",\"@id\":\"http:\\\/\\\/lucarne-opposee.fr\\\/leblog\\\/#website\",\"url\":\"http:\\\/\\\/lucarne-opposee.fr\\\/leblog\\\/\",\"name\":\"Le blog de L-O\",\"inLanguage\":\"fr-FR\",\"publisher\":{\"@id\":\"http:\\\/\\\/lucarne-opposee.fr\\\/leblog\\\/#organization\"}}]}\n\t\t<\/script>\n\t\t<!-- All in One SEO -->\n\n","aioseo_head_json":{"title":"Podcast Efrikya S01E05 : Focus sur six affiches de Ligue des Champions - Le blog de L-O","description":"Cinqui\u00e8me \u00e9pisode d'Efrikya, votre rendez-vous Afrique de l'\u00e9quipe Lucarne Oppos\u00e9e. Au menu cette semaine le retour de la Ligue des Champions avec six rencontres qui ont attir\u00e9 notre attention. Pr\u00e9sentation et montage : Simon Balacheff (@SElGranVaron) Avec Pierre-Marie Gosselin (@Griotdelaballe) et Farouk Abdou (@fafarandole) Sommaire 1:30 - les Br\u00e8ves 4:40 - Gor Mahia - Esp\u00e9rance Tunis","canonical_url":"http:\/\/lucarne-opposee.fr\/leblog\/podcast-efrikya-s01e05-focus-sur-six-affiches-de-ligue-des-champions\/","robots":"max-image-preview:large","keywords":"","webmasterTools":{"miscellaneous":""},"schema":{"@context":"https:\/\/schema.org","@graph":[{"@type":"BlogPosting","@id":"http:\/\/lucarne-opposee.fr\/leblog\/podcast-efrikya-s01e05-focus-sur-six-affiches-de-ligue-des-champions\/#blogposting","name":"Podcast Efrikya S01E05 : Focus sur six affiches de Ligue des Champions - Le blog de L-O","headline":"Podcast Efrikya S01E05 : Focus sur six affiches de Ligue des Champions","author":{"@id":"http:\/\/lucarne-opposee.fr\/leblog\/author\/admin\/#author"},"publisher":{"@id":"http:\/\/lucarne-opposee.fr\/leblog\/#organization"},"datePublished":"2018-03-03T01:53:58+02:00","dateModified":"2018-03-03T01:53:58+02:00","inLanguage":"fr-FR","mainEntityOfPage":{"@id":"http:\/\/lucarne-opposee.fr\/leblog\/podcast-efrikya-s01e05-focus-sur-six-affiches-de-ligue-des-champions\/#webpage"},"isPartOf":{"@id":"http:\/\/lucarne-opposee.fr\/leblog\/podcast-efrikya-s01e05-focus-sur-six-affiches-de-ligue-des-champions\/#webpage"},"articleSection":"Podcasts"},{"@type":"BreadcrumbList","@id":"http:\/\/lucarne-opposee.fr\/leblog\/podcast-efrikya-s01e05-focus-sur-six-affiches-de-ligue-des-champions\/#breadcrumblist","itemListElement":[{"@type":"ListItem","@id":"http:\/\/lucarne-opposee.fr\/leblog#listItem","position":1,"name":"Home","item":"http:\/\/lucarne-opposee.fr\/leblog","nextItem":{"@type":"ListItem","@id":"http:\/\/lucarne-opposee.fr\/leblog\/category\/podcasts\/#listItem","name":"Podcasts"}},{"@type":"ListItem","@id":"http:\/\/lucarne-opposee.fr\/leblog\/category\/podcasts\/#listItem","position":2,"name":"Podcasts","item":"http:\/\/lucarne-opposee.fr\/leblog\/category\/podcasts\/","nextItem":{"@type":"ListItem","@id":"http:\/\/lucarne-opposee.fr\/leblog\/podcast-efrikya-s01e05-focus-sur-six-affiches-de-ligue-des-champions\/#listItem","name":"Podcast Efrikya S01E05 : Focus sur six affiches de Ligue des Champions"},"previousItem":{"@type":"ListItem","@id":"http:\/\/lucarne-opposee.fr\/leblog#listItem","name":"Home"}},{"@type":"ListItem","@id":"http:\/\/lucarne-opposee.fr\/leblog\/podcast-efrikya-s01e05-focus-sur-six-affiches-de-ligue-des-champions\/#listItem","position":3,"name":"Podcast Efrikya S01E05 : Focus sur six affiches de Ligue des Champions","previousItem":{"@type":"ListItem","@id":"http:\/\/lucarne-opposee.fr\/leblog\/category\/podcasts\/#listItem","name":"Podcasts"}}]},{"@type":"Organization","@id":"http:\/\/lucarne-opposee.fr\/leblog\/#organization","name":"Le blog de L-O","url":"http:\/\/lucarne-opposee.fr\/leblog\/"},{"@type":"Person","@id":"http:\/\/lucarne-opposee.fr\/leblog\/author\/admin\/#author","url":"http:\/\/lucarne-opposee.fr\/leblog\/author\/admin\/","name":"Nicolas","image":{"@type":"ImageObject","@id":"http:\/\/lucarne-opposee.fr\/leblog\/podcast-efrikya-s01e05-focus-sur-six-affiches-de-ligue-des-champions\/#authorImage","url":"https:\/\/secure.gravatar.com\/avatar\/4d7059722a266a922e604fba54976485540cba3441182b1dc6aa3320d84eefdc?s=96&r=g","width":96,"height":96,"caption":"Nicolas"}},{"@type":"WebPage","@id":"http:\/\/lucarne-opposee.fr\/leblog\/podcast-efrikya-s01e05-focus-sur-six-affiches-de-ligue-des-champions\/#webpage","url":"http:\/\/lucarne-opposee.fr\/leblog\/podcast-efrikya-s01e05-focus-sur-six-affiches-de-ligue-des-champions\/","name":"Podcast Efrikya S01E05 : Focus sur six affiches de Ligue des Champions - Le blog de L-O","description":"Cinqui\u00e8me \u00e9pisode d'Efrikya, votre rendez-vous Afrique de l'\u00e9quipe Lucarne Oppos\u00e9e. Au menu cette semaine le retour de la Ligue des Champions avec six rencontres qui ont attir\u00e9 notre attention. Pr\u00e9sentation et montage : Simon Balacheff (@SElGranVaron) Avec Pierre-Marie Gosselin (@Griotdelaballe) et Farouk Abdou (@fafarandole) Sommaire 1:30 - les Br\u00e8ves 4:40 - Gor Mahia - Esp\u00e9rance Tunis","inLanguage":"fr-FR","isPartOf":{"@id":"http:\/\/lucarne-opposee.fr\/leblog\/#website"},"breadcrumb":{"@id":"http:\/\/lucarne-opposee.fr\/leblog\/podcast-efrikya-s01e05-focus-sur-six-affiches-de-ligue-des-champions\/#breadcrumblist"},"author":{"@id":"http:\/\/lucarne-opposee.fr\/leblog\/author\/admin\/#author"},"creator":{"@id":"http:\/\/lucarne-opposee.fr\/leblog\/author\/admin\/#author"},"datePublished":"2018-03-03T01:53:58+02:00","dateModified":"2018-03-03T01:53:58+02:00"},{"@type":"WebSite","@id":"http:\/\/lucarne-opposee.fr\/leblog\/#website","url":"http:\/\/lucarne-opposee.fr\/leblog\/","name":"Le blog de L-O","inLanguage":"fr-FR","publisher":{"@id":"http:\/\/lucarne-opposee.fr\/leblog\/#organization"}}]},"og:locale":"fr_FR","og:site_name":"Le blog de L-O -","og:type":"article","og:title":"Podcast Efrikya S01E05 : Focus sur six affiches de Ligue des Champions - Le blog de L-O","og:description":"Cinqui\u00e8me \u00e9pisode d'Efrikya, votre rendez-vous Afrique de l'\u00e9quipe Lucarne Oppos\u00e9e. Au menu cette semaine le retour de la Ligue des Champions avec six rencontres qui ont attir\u00e9 notre attention. Pr\u00e9sentation et montage : Simon Balacheff (@SElGranVaron) Avec Pierre-Marie Gosselin (@Griotdelaballe) et Farouk Abdou (@fafarandole) Sommaire 1:30 - les Br\u00e8ves 4:40 - Gor Mahia - Esp\u00e9rance Tunis","og:url":"http:\/\/lucarne-opposee.fr\/leblog\/podcast-efrikya-s01e05-focus-sur-six-affiches-de-ligue-des-champions\/","article:published_time":"2018-03-02T23:53:58+00:00","article:modified_time":"2018-03-02T23:53:58+00:00","twitter:card":"summary_large_image","twitter:title":"Podcast Efrikya S01E05 : Focus sur six affiches de Ligue des Champions - Le blog de L-O","twitter:description":"Cinqui\u00e8me \u00e9pisode d'Efrikya, votre rendez-vous Afrique de l'\u00e9quipe Lucarne Oppos\u00e9e. Au menu cette semaine le retour de la Ligue des Champions avec six rencontres qui ont attir\u00e9 notre attention. Pr\u00e9sentation et montage : Simon Balacheff (@SElGranVaron) Avec Pierre-Marie Gosselin (@Griotdelaballe) et Farouk Abdou (@fafarandole) Sommaire 1:30 - les Br\u00e8ves 4:40 - Gor Mahia - Esp\u00e9rance Tunis"},"aioseo_meta_data":{"post_id":"3132","title":null,"description":null,"keywords":null,"keyphrases":null,"primary_term":null,"canonical_url":null,"og_title":null,"og_description":null,"og_object_type":"default","og_image_type":"default","og_image_url":null,"og_image_width":null,"og_image_height":null,"og_image_custom_url":null,"og_image_custom_fields":null,"og_video":null,"og_custom_url":null,"og_article_section":null,"og_article_tags":null,"twitter_use_og":false,"twitter_card":"default","twitter_image_type":"default","twitter_image_url":null,"twitter_image_custom_url":null,"twitter_image_custom_fields":null,"twitter_title":null,"twitter_description":null,"schema":{"blockGraphs":[],"customGraphs":[],"default":{"data":{"Article":[],"Course":[],"Dataset":[],"FAQPage":[],"Movie":[],"Person":[],"Product":[],"ProductReview":[],"Car":[],"Recipe":[],"Service":[],"SoftwareApplication":[],"WebPage":[]},"graphName":"","isEnabled":true},"graphs":[]},"schema_type":"default","schema_type_options":null,"pillar_content":false,"robots_default":true,"robots_noindex":false,"robots_noarchive":false,"robots_nosnippet":false,"robots_nofollow":false,"robots_noimageindex":false,"robots_noodp":false,"robots_notranslate":false,"robots_max_snippet":null,"robots_max_videopreview":null,"robots_max_imagepreview":"large","priority":null,"frequency":null,"local_seo":null,"breadcrumb_settings":null,"limit_modified_date":false,"ai":null,"created":"2023-01-06 14:38:17","updated":"2025-06-04 18:36:44","seo_analyzer_scan_date":null,"focus_keyword":null,"additional_keywords":null,"truseo_locale":null},"aioseo_breadcrumb":"<div class=\"aioseo-breadcrumbs\"><span class=\"aioseo-breadcrumb\">\n\t\t\t<a href=\"http:\/\/lucarne-opposee.fr\/leblog\" title=\"Home\">Home<\/a>\n\t\t<\/span><span class=\"aioseo-breadcrumb-separator\">&raquo;<\/span><span class=\"aioseo-breadcrumb\">\n\t\t\t<a href=\"http:\/\/lucarne-opposee.fr\/leblog\/category\/podcasts\/\" title=\"Podcasts\">Podcasts<\/a>\n\t\t<\/span><span class=\"aioseo-breadcrumb-separator\">&raquo;<\/span><span class=\"aioseo-breadcrumb\">\n\t\t\tPodcast Efrikya S01E05 : Focus sur six affiches de Ligue des Champions\n\t\t<\/span><\/div>","aioseo_breadcrumb_json":[{"label":"Home","link":"http:\/\/lucarne-opposee.fr\/leblog"},{"label":"Podcasts","link":"http:\/\/lucarne-opposee.fr\/leblog\/category\/podcasts\/"},{"label":"Podcast Efrikya S01E05 : Focus sur six affiches de Ligue des Champions","link":"http:\/\/lucarne-opposee.fr\/leblog\/podcast-efrikya-s01e05-focus-sur-six-affiches-de-ligue-des-champions\/"}],"_links":{"self":[{"href":"http:\/\/lucarne-opposee.fr\/leblog\/wp-json\/wp\/v2\/posts\/3132","targetHints":{"allow":["GET"]}}],"collection":[{"href":"http:\/\/lucarne-opposee.fr\/leblog\/wp-json\/wp\/v2\/posts"}],"about":[{"href":"http:\/\/lucarne-opposee.fr\/leblog\/wp-json\/wp\/v2\/types\/post"}],"author":[{"embeddable":true,"href":"http:\/\/lucarne-opposee.fr\/leblog\/wp-json\/wp\/v2\/users\/1"}],"replies":[{"embeddable":true,"href":"http:\/\/lucarne-opposee.fr\/leblog\/wp-json\/wp\/v2\/comments?post=3132"}],"version-history":[{"count":1,"href":"http:\/\/lucarne-opposee.fr\/leblog\/wp-json\/wp\/v2\/posts\/3132\/revisions"}],"predecessor-version":[{"id":3133,"href":"http:\/\/lucarne-opposee.fr\/leblog\/wp-json\/wp\/v2\/posts\/3132\/revisions\/3133"}],"wp:attachment":[{"href":"http:\/\/lucarne-opposee.fr\/leblog\/wp-json\/wp\/v2\/media?parent=3132"}],"wp:term":[{"taxonomy":"category","embeddable":true,"href":"http:\/\/lucarne-opposee.fr\/leblog\/wp-json\/wp\/v2\/categories?post=3132"},{"taxonomy":"post_tag","embeddable":true,"href":"http:\/\/lucarne-opposee.fr\/leblog\/wp-json\/wp\/v2\/tags?post=3132"}],"curies":[{"name":"wp","href":"https:\/\/api.w.org\/{rel}","templated":true}]}}