{"id":3157,"date":"2018-03-23T14:19:15","date_gmt":"2018-03-23T12:19:15","guid":{"rendered":"http:\/\/lucarne-opposee.fr\/leblog\/?p=3157"},"modified":"2018-03-29T15:27:56","modified_gmt":"2018-03-29T13:27:56","slug":"podcast-efrikya-s01e06-retour-sur-les-preliminaires-de-ligue-des-champions-2018","status":"publish","type":"post","link":"http:\/\/lucarne-opposee.fr\/leblog\/podcast-efrikya-s01e06-retour-sur-les-preliminaires-de-ligue-des-champions-2018\/","title":{"rendered":"Podcast Efrikya S01E06 : Retour sur les pr\u00e9liminaires de Ligue des Champions 2018"},"content":{"rendered":"<p><strong>Pour ce sixi\u00e8me Efrikya, on retourne du c\u00f4t\u00e9 de la Ligue des Champions d\u2019Afrique, cette fois ci pour d\u00e9briefer la derni\u00e8re phase pr\u00e9liminaire, qui a livr\u00e9 son verdict, sans oublier quelques surprises pas piqu\u00e9es des hannetons.<\/strong><\/p>\n<p><!--more--><\/p>\n<p>Pr\u00e9sentation et montage : Simon Balacheff (<a style=\"color: #0000ff;\" href=\"https:\/\/twitter.com\/SElGranVaron\">@SElGranVaron<\/a>)<\/p>\n<p>Avec Pierre-Marie Gosselin (<a style=\"color: #0000ff;\" href=\"https:\/\/twitter.com\/Griotdelaballe\">@Griotdelaballe<\/a>) et Farouk Abdou (<a style=\"color: #0000ff;\" href=\"https:\/\/twitter.com\/fafarandole\">@fafarandole<\/a>)<\/p>\n<h4><strong>Sommaire<\/strong><\/h4>\n<p>1:30 &#8211; les Br\u00e8ves<br \/>\n5:25 &#8211; Les Qualifi\u00e9s d&rsquo;Afrique du Nord (Egypte, Tunisie, Alg\u00e9rie et Maroc)<br \/>\n23:10 &#8211; Une premi\u00e8re pour quatre novices &amp; la d\u00e9faillance de l&rsquo;Afrique de l&rsquo;Ouest et de l&rsquo;Est<\/p>\n<p>Musiques : Funky Elements et Going Higher &#8211; Bensound https:\/\/www.bensound.com \/ Shegueyro &#8211; Back to Motherland \/ Shegueyro &#8211; Welcome to Africa \/ Clozee &#8211; Apsara Calling \/ Damusika &#8211; Percafric<\/p>\n<h4><strong>Le podcast<\/strong><\/h4>\n<div class=\"powerpress_player\" id=\"powerpress_player_5080\"><audio class=\"wp-audio-shortcode\" id=\"audio-3157-1\" preload=\"none\" style=\"width: 100%;\" controls=\"controls\"><source type=\"audio\/mpeg\" src=\"http:\/\/lucarne-opposee.fr\/podcasts\/efrikya_6_Retour_sur_les_preliminaires_de_Ligue_des_Champions_2018.mp3?_=1\" \/><a href=\"http:\/\/lucarne-opposee.fr\/podcasts\/efrikya_6_Retour_sur_les_preliminaires_de_Ligue_des_Champions_2018.mp3\">http:\/\/lucarne-opposee.fr\/podcasts\/efrikya_6_Retour_sur_les_preliminaires_de_Ligue_des_Champions_2018.mp3<\/a><\/audio><\/div><p class=\"powerpress_links powerpress_links_mp3\" style=\"margin-bottom: 1px !important;\">Podcast: <a href=\"http:\/\/lucarne-opposee.fr\/podcasts\/efrikya_6_Retour_sur_les_preliminaires_de_Ligue_des_Champions_2018.mp3\" class=\"powerpress_link_pinw\" target=\"_blank\" title=\"Play in new window\" onclick=\"return powerpress_pinw('http:\/\/lucarne-opposee.fr\/leblog\/?powerpress_pinw=3157-podcast');\" rel=\"nofollow\">Play in new window<\/a> | <a href=\"http:\/\/lucarne-opposee.fr\/podcasts\/efrikya_6_Retour_sur_les_preliminaires_de_Ligue_des_Champions_2018.mp3\" class=\"powerpress_link_d\" title=\"Download\" rel=\"nofollow\" download=\"efrikya_6_Retour_sur_les_preliminaires_de_Ligue_des_Champions_2018.mp3\">Download<\/a><\/p><p class=\"powerpress_links powerpress_subscribe_links\">Subscribe: <a href=\"http:\/\/lucarne-opposee.fr\/leblog\/feed\/podcast\/\" class=\"powerpress_link_subscribe powerpress_link_subscribe_rss\" target=\"_blank\" title=\"Subscribe via RSS\" rel=\"nofollow\">RSS<\/a><\/p>","protected":false},"excerpt":{"rendered":"<p class=\"excerpt\">Pour ce sixi\u00e8me Efrikya, on retourne du c\u00f4t\u00e9 de la Ligue des Champions d\u2019Afrique, cette fois ci pour d\u00e9briefer la derni\u00e8re phase pr\u00e9liminaire, qui a livr\u00e9 son verdict, sans oublier quelques surprises pas piqu\u00e9es des hannetons. <a href=\"http:\/\/lucarne-opposee.fr\/leblog\/podcast-efrikya-s01e06-retour-sur-les-preliminaires-de-ligue-des-champions-2018\/\">Read more &rarr;<\/a><\/p>\n","protected":false},"author":40,"featured_media":0,"comment_status":"open","ping_status":"open","sticky":false,"template":"","format":"standard","meta":{"om_disable_all_campaigns":false,"_monsterinsights_skip_tracking":false,"footnotes":""},"categories":[717],"tags":[],"class_list":["post-3157","post","type-post","status-publish","format-standard","hentry","category-podcasts","xfolkentry"],"aioseo_notices":[],"aioseo_head":"\n\t\t<!-- All in One SEO 5.0.0.1 - aioseo.com -->\n\t<meta name=\"description\" content=\"Pour ce sixi\u00e8me Efrikya, on retourne du c\u00f4t\u00e9 de la Ligue des Champions d\u2019Afrique, cette fois ci pour d\u00e9briefer la derni\u00e8re phase pr\u00e9liminaire, qui a livr\u00e9 son verdict, sans oublier quelques surprises pas piqu\u00e9es des hannetons. Pr\u00e9sentation et montage : Simon Balacheff (@SElGranVaron) Avec Pierre-Marie Gosselin (@Griotdelaballe) et Farouk Abdou (@fafarandole) Sommaire 1:30 - les\" \/>\n\t<meta name=\"robots\" content=\"max-image-preview:large\" \/>\n\t<meta name=\"author\" content=\"Simon\"\/>\n\t<link rel=\"canonical\" href=\"http:\/\/lucarne-opposee.fr\/leblog\/podcast-efrikya-s01e06-retour-sur-les-preliminaires-de-ligue-des-champions-2018\/\" \/>\n\t<meta name=\"generator\" content=\"All in One SEO (AIOSEO) 5.0.0.1\" \/>\n\t\t<meta property=\"og:locale\" content=\"fr_FR\" \/>\n\t\t<meta property=\"og:site_name\" content=\"Le blog de L-O -\" \/>\n\t\t<meta property=\"og:type\" content=\"article\" \/>\n\t\t<meta property=\"og:title\" content=\"Podcast Efrikya S01E06 : Retour sur les pr\u00e9liminaires de Ligue des Champions 2018 - Le blog de L-O\" \/>\n\t\t<meta property=\"og:description\" content=\"Pour ce sixi\u00e8me Efrikya, on retourne du c\u00f4t\u00e9 de la Ligue des Champions d\u2019Afrique, cette fois ci pour d\u00e9briefer la derni\u00e8re phase pr\u00e9liminaire, qui a livr\u00e9 son verdict, sans oublier quelques surprises pas piqu\u00e9es des hannetons. Pr\u00e9sentation et montage : Simon Balacheff (@SElGranVaron) Avec Pierre-Marie Gosselin (@Griotdelaballe) et Farouk Abdou (@fafarandole) Sommaire 1:30 - les\" \/>\n\t\t<meta property=\"og:url\" content=\"http:\/\/lucarne-opposee.fr\/leblog\/podcast-efrikya-s01e06-retour-sur-les-preliminaires-de-ligue-des-champions-2018\/\" \/>\n\t\t<meta property=\"article:published_time\" content=\"2018-03-23T12:19:15+00:00\" \/>\n\t\t<meta property=\"article:modified_time\" content=\"2018-03-29T13:27:56+00:00\" \/>\n\t\t<meta name=\"twitter:card\" content=\"summary_large_image\" \/>\n\t\t<meta name=\"twitter:title\" content=\"Podcast Efrikya S01E06 : Retour sur les pr\u00e9liminaires de Ligue des Champions 2018 - Le blog de L-O\" \/>\n\t\t<meta name=\"twitter:description\" content=\"Pour ce sixi\u00e8me Efrikya, on retourne du c\u00f4t\u00e9 de la Ligue des Champions d\u2019Afrique, cette fois ci pour d\u00e9briefer la derni\u00e8re phase pr\u00e9liminaire, qui a livr\u00e9 son verdict, sans oublier quelques surprises pas piqu\u00e9es des hannetons. Pr\u00e9sentation et montage : Simon Balacheff (@SElGranVaron) Avec Pierre-Marie Gosselin (@Griotdelaballe) et Farouk Abdou (@fafarandole) Sommaire 1:30 - les\" \/>\n\t\t<script type=\"application\/ld+json\" class=\"aioseo-schema\">\n\t\t\t{\"@context\":\"https:\\\/\\\/schema.org\",\"@graph\":[{\"@type\":\"BlogPosting\",\"@id\":\"http:\\\/\\\/lucarne-opposee.fr\\\/leblog\\\/podcast-efrikya-s01e06-retour-sur-les-preliminaires-de-ligue-des-champions-2018\\\/#blogposting\",\"name\":\"Podcast Efrikya S01E06 : Retour sur les pr\\u00e9liminaires de Ligue des Champions 2018 - Le blog de L-O\",\"headline\":\"Podcast Efrikya S01E06 : Retour sur les pr\\u00e9liminaires de Ligue des Champions 2018\",\"author\":{\"@id\":\"http:\\\/\\\/lucarne-opposee.fr\\\/leblog\\\/author\\\/simon\\\/#author\"},\"publisher\":{\"@id\":\"http:\\\/\\\/lucarne-opposee.fr\\\/leblog\\\/#organization\"},\"datePublished\":\"2018-03-23T14:19:15+02:00\",\"dateModified\":\"2018-03-29T15:27:56+02:00\",\"inLanguage\":\"fr-FR\",\"mainEntityOfPage\":{\"@id\":\"http:\\\/\\\/lucarne-opposee.fr\\\/leblog\\\/podcast-efrikya-s01e06-retour-sur-les-preliminaires-de-ligue-des-champions-2018\\\/#webpage\"},\"isPartOf\":{\"@id\":\"http:\\\/\\\/lucarne-opposee.fr\\\/leblog\\\/podcast-efrikya-s01e06-retour-sur-les-preliminaires-de-ligue-des-champions-2018\\\/#webpage\"},\"articleSection\":\"Podcasts\"},{\"@type\":\"BreadcrumbList\",\"@id\":\"http:\\\/\\\/lucarne-opposee.fr\\\/leblog\\\/podcast-efrikya-s01e06-retour-sur-les-preliminaires-de-ligue-des-champions-2018\\\/#breadcrumblist\",\"itemListElement\":[{\"@type\":\"ListItem\",\"@id\":\"http:\\\/\\\/lucarne-opposee.fr\\\/leblog#listItem\",\"position\":1,\"name\":\"Home\",\"item\":\"http:\\\/\\\/lucarne-opposee.fr\\\/leblog\",\"nextItem\":{\"@type\":\"ListItem\",\"@id\":\"http:\\\/\\\/lucarne-opposee.fr\\\/leblog\\\/category\\\/podcasts\\\/#listItem\",\"name\":\"Podcasts\"}},{\"@type\":\"ListItem\",\"@id\":\"http:\\\/\\\/lucarne-opposee.fr\\\/leblog\\\/category\\\/podcasts\\\/#listItem\",\"position\":2,\"name\":\"Podcasts\",\"item\":\"http:\\\/\\\/lucarne-opposee.fr\\\/leblog\\\/category\\\/podcasts\\\/\",\"nextItem\":{\"@type\":\"ListItem\",\"@id\":\"http:\\\/\\\/lucarne-opposee.fr\\\/leblog\\\/podcast-efrikya-s01e06-retour-sur-les-preliminaires-de-ligue-des-champions-2018\\\/#listItem\",\"name\":\"Podcast Efrikya S01E06 : Retour sur les pr\\u00e9liminaires de Ligue des Champions 2018\"},\"previousItem\":{\"@type\":\"ListItem\",\"@id\":\"http:\\\/\\\/lucarne-opposee.fr\\\/leblog#listItem\",\"name\":\"Home\"}},{\"@type\":\"ListItem\",\"@id\":\"http:\\\/\\\/lucarne-opposee.fr\\\/leblog\\\/podcast-efrikya-s01e06-retour-sur-les-preliminaires-de-ligue-des-champions-2018\\\/#listItem\",\"position\":3,\"name\":\"Podcast Efrikya S01E06 : Retour sur les pr\\u00e9liminaires de Ligue des Champions 2018\",\"previousItem\":{\"@type\":\"ListItem\",\"@id\":\"http:\\\/\\\/lucarne-opposee.fr\\\/leblog\\\/category\\\/podcasts\\\/#listItem\",\"name\":\"Podcasts\"}}]},{\"@type\":\"Organization\",\"@id\":\"http:\\\/\\\/lucarne-opposee.fr\\\/leblog\\\/#organization\",\"name\":\"Le blog de L-O\",\"url\":\"http:\\\/\\\/lucarne-opposee.fr\\\/leblog\\\/\"},{\"@type\":\"Person\",\"@id\":\"http:\\\/\\\/lucarne-opposee.fr\\\/leblog\\\/author\\\/simon\\\/#author\",\"url\":\"http:\\\/\\\/lucarne-opposee.fr\\\/leblog\\\/author\\\/simon\\\/\",\"name\":\"Simon\",\"image\":{\"@type\":\"ImageObject\",\"@id\":\"http:\\\/\\\/lucarne-opposee.fr\\\/leblog\\\/podcast-efrikya-s01e06-retour-sur-les-preliminaires-de-ligue-des-champions-2018\\\/#authorImage\",\"url\":\"https:\\\/\\\/secure.gravatar.com\\\/avatar\\\/8df5512a171b452d65b31713a0e667480b1a9d5359f033feda294fa8b9e6b81b?s=96&r=g\",\"width\":96,\"height\":96,\"caption\":\"Simon\"}},{\"@type\":\"WebPage\",\"@id\":\"http:\\\/\\\/lucarne-opposee.fr\\\/leblog\\\/podcast-efrikya-s01e06-retour-sur-les-preliminaires-de-ligue-des-champions-2018\\\/#webpage\",\"url\":\"http:\\\/\\\/lucarne-opposee.fr\\\/leblog\\\/podcast-efrikya-s01e06-retour-sur-les-preliminaires-de-ligue-des-champions-2018\\\/\",\"name\":\"Podcast Efrikya S01E06 : Retour sur les pr\\u00e9liminaires de Ligue des Champions 2018 - Le blog de L-O\",\"description\":\"Pour ce sixi\\u00e8me Efrikya, on retourne du c\\u00f4t\\u00e9 de la Ligue des Champions d\\u2019Afrique, cette fois ci pour d\\u00e9briefer la derni\\u00e8re phase pr\\u00e9liminaire, qui a livr\\u00e9 son verdict, sans oublier quelques surprises pas piqu\\u00e9es des hannetons. Pr\\u00e9sentation et montage : Simon Balacheff (@SElGranVaron) Avec Pierre-Marie Gosselin (@Griotdelaballe) et Farouk Abdou (@fafarandole) Sommaire 1:30 - les\",\"inLanguage\":\"fr-FR\",\"isPartOf\":{\"@id\":\"http:\\\/\\\/lucarne-opposee.fr\\\/leblog\\\/#website\"},\"breadcrumb\":{\"@id\":\"http:\\\/\\\/lucarne-opposee.fr\\\/leblog\\\/podcast-efrikya-s01e06-retour-sur-les-preliminaires-de-ligue-des-champions-2018\\\/#breadcrumblist\"},\"author\":{\"@id\":\"http:\\\/\\\/lucarne-opposee.fr\\\/leblog\\\/author\\\/simon\\\/#author\"},\"creator\":{\"@id\":\"http:\\\/\\\/lucarne-opposee.fr\\\/leblog\\\/author\\\/simon\\\/#author\"},\"datePublished\":\"2018-03-23T14:19:15+02:00\",\"dateModified\":\"2018-03-29T15:27:56+02:00\"},{\"@type\":\"WebSite\",\"@id\":\"http:\\\/\\\/lucarne-opposee.fr\\\/leblog\\\/#website\",\"url\":\"http:\\\/\\\/lucarne-opposee.fr\\\/leblog\\\/\",\"name\":\"Le blog de L-O\",\"inLanguage\":\"fr-FR\",\"publisher\":{\"@id\":\"http:\\\/\\\/lucarne-opposee.fr\\\/leblog\\\/#organization\"}}]}\n\t\t<\/script>\n\t\t<!-- All in One SEO -->\n\n","aioseo_head_json":{"title":"Podcast Efrikya S01E06 : Retour sur les pr\u00e9liminaires de Ligue des Champions 2018 - Le blog de L-O","description":"Pour ce sixi\u00e8me Efrikya, on retourne du c\u00f4t\u00e9 de la Ligue des Champions d\u2019Afrique, cette fois ci pour d\u00e9briefer la derni\u00e8re phase pr\u00e9liminaire, qui a livr\u00e9 son verdict, sans oublier quelques surprises pas piqu\u00e9es des hannetons. Pr\u00e9sentation et montage : Simon Balacheff (@SElGranVaron) Avec Pierre-Marie Gosselin (@Griotdelaballe) et Farouk Abdou (@fafarandole) Sommaire 1:30 - les","canonical_url":"http:\/\/lucarne-opposee.fr\/leblog\/podcast-efrikya-s01e06-retour-sur-les-preliminaires-de-ligue-des-champions-2018\/","robots":"max-image-preview:large","keywords":"","webmasterTools":{"miscellaneous":""},"schema":{"@context":"https:\/\/schema.org","@graph":[{"@type":"BlogPosting","@id":"http:\/\/lucarne-opposee.fr\/leblog\/podcast-efrikya-s01e06-retour-sur-les-preliminaires-de-ligue-des-champions-2018\/#blogposting","name":"Podcast Efrikya S01E06 : Retour sur les pr\u00e9liminaires de Ligue des Champions 2018 - Le blog de L-O","headline":"Podcast Efrikya S01E06 : Retour sur les pr\u00e9liminaires de Ligue des Champions 2018","author":{"@id":"http:\/\/lucarne-opposee.fr\/leblog\/author\/simon\/#author"},"publisher":{"@id":"http:\/\/lucarne-opposee.fr\/leblog\/#organization"},"datePublished":"2018-03-23T14:19:15+02:00","dateModified":"2018-03-29T15:27:56+02:00","inLanguage":"fr-FR","mainEntityOfPage":{"@id":"http:\/\/lucarne-opposee.fr\/leblog\/podcast-efrikya-s01e06-retour-sur-les-preliminaires-de-ligue-des-champions-2018\/#webpage"},"isPartOf":{"@id":"http:\/\/lucarne-opposee.fr\/leblog\/podcast-efrikya-s01e06-retour-sur-les-preliminaires-de-ligue-des-champions-2018\/#webpage"},"articleSection":"Podcasts"},{"@type":"BreadcrumbList","@id":"http:\/\/lucarne-opposee.fr\/leblog\/podcast-efrikya-s01e06-retour-sur-les-preliminaires-de-ligue-des-champions-2018\/#breadcrumblist","itemListElement":[{"@type":"ListItem","@id":"http:\/\/lucarne-opposee.fr\/leblog#listItem","position":1,"name":"Home","item":"http:\/\/lucarne-opposee.fr\/leblog","nextItem":{"@type":"ListItem","@id":"http:\/\/lucarne-opposee.fr\/leblog\/category\/podcasts\/#listItem","name":"Podcasts"}},{"@type":"ListItem","@id":"http:\/\/lucarne-opposee.fr\/leblog\/category\/podcasts\/#listItem","position":2,"name":"Podcasts","item":"http:\/\/lucarne-opposee.fr\/leblog\/category\/podcasts\/","nextItem":{"@type":"ListItem","@id":"http:\/\/lucarne-opposee.fr\/leblog\/podcast-efrikya-s01e06-retour-sur-les-preliminaires-de-ligue-des-champions-2018\/#listItem","name":"Podcast Efrikya S01E06 : Retour sur les pr\u00e9liminaires de Ligue des Champions 2018"},"previousItem":{"@type":"ListItem","@id":"http:\/\/lucarne-opposee.fr\/leblog#listItem","name":"Home"}},{"@type":"ListItem","@id":"http:\/\/lucarne-opposee.fr\/leblog\/podcast-efrikya-s01e06-retour-sur-les-preliminaires-de-ligue-des-champions-2018\/#listItem","position":3,"name":"Podcast Efrikya S01E06 : Retour sur les pr\u00e9liminaires de Ligue des Champions 2018","previousItem":{"@type":"ListItem","@id":"http:\/\/lucarne-opposee.fr\/leblog\/category\/podcasts\/#listItem","name":"Podcasts"}}]},{"@type":"Organization","@id":"http:\/\/lucarne-opposee.fr\/leblog\/#organization","name":"Le blog de L-O","url":"http:\/\/lucarne-opposee.fr\/leblog\/"},{"@type":"Person","@id":"http:\/\/lucarne-opposee.fr\/leblog\/author\/simon\/#author","url":"http:\/\/lucarne-opposee.fr\/leblog\/author\/simon\/","name":"Simon","image":{"@type":"ImageObject","@id":"http:\/\/lucarne-opposee.fr\/leblog\/podcast-efrikya-s01e06-retour-sur-les-preliminaires-de-ligue-des-champions-2018\/#authorImage","url":"https:\/\/secure.gravatar.com\/avatar\/8df5512a171b452d65b31713a0e667480b1a9d5359f033feda294fa8b9e6b81b?s=96&r=g","width":96,"height":96,"caption":"Simon"}},{"@type":"WebPage","@id":"http:\/\/lucarne-opposee.fr\/leblog\/podcast-efrikya-s01e06-retour-sur-les-preliminaires-de-ligue-des-champions-2018\/#webpage","url":"http:\/\/lucarne-opposee.fr\/leblog\/podcast-efrikya-s01e06-retour-sur-les-preliminaires-de-ligue-des-champions-2018\/","name":"Podcast Efrikya S01E06 : Retour sur les pr\u00e9liminaires de Ligue des Champions 2018 - Le blog de L-O","description":"Pour ce sixi\u00e8me Efrikya, on retourne du c\u00f4t\u00e9 de la Ligue des Champions d\u2019Afrique, cette fois ci pour d\u00e9briefer la derni\u00e8re phase pr\u00e9liminaire, qui a livr\u00e9 son verdict, sans oublier quelques surprises pas piqu\u00e9es des hannetons. Pr\u00e9sentation et montage : Simon Balacheff (@SElGranVaron) Avec Pierre-Marie Gosselin (@Griotdelaballe) et Farouk Abdou (@fafarandole) Sommaire 1:30 - les","inLanguage":"fr-FR","isPartOf":{"@id":"http:\/\/lucarne-opposee.fr\/leblog\/#website"},"breadcrumb":{"@id":"http:\/\/lucarne-opposee.fr\/leblog\/podcast-efrikya-s01e06-retour-sur-les-preliminaires-de-ligue-des-champions-2018\/#breadcrumblist"},"author":{"@id":"http:\/\/lucarne-opposee.fr\/leblog\/author\/simon\/#author"},"creator":{"@id":"http:\/\/lucarne-opposee.fr\/leblog\/author\/simon\/#author"},"datePublished":"2018-03-23T14:19:15+02:00","dateModified":"2018-03-29T15:27:56+02:00"},{"@type":"WebSite","@id":"http:\/\/lucarne-opposee.fr\/leblog\/#website","url":"http:\/\/lucarne-opposee.fr\/leblog\/","name":"Le blog de L-O","inLanguage":"fr-FR","publisher":{"@id":"http:\/\/lucarne-opposee.fr\/leblog\/#organization"}}]},"og:locale":"fr_FR","og:site_name":"Le blog de L-O -","og:type":"article","og:title":"Podcast Efrikya S01E06 : Retour sur les pr\u00e9liminaires de Ligue des Champions 2018 - Le blog de L-O","og:description":"Pour ce sixi\u00e8me Efrikya, on retourne du c\u00f4t\u00e9 de la Ligue des Champions d\u2019Afrique, cette fois ci pour d\u00e9briefer la derni\u00e8re phase pr\u00e9liminaire, qui a livr\u00e9 son verdict, sans oublier quelques surprises pas piqu\u00e9es des hannetons. Pr\u00e9sentation et montage : Simon Balacheff (@SElGranVaron) Avec Pierre-Marie Gosselin (@Griotdelaballe) et Farouk Abdou (@fafarandole) Sommaire 1:30 - les","og:url":"http:\/\/lucarne-opposee.fr\/leblog\/podcast-efrikya-s01e06-retour-sur-les-preliminaires-de-ligue-des-champions-2018\/","article:published_time":"2018-03-23T12:19:15+00:00","article:modified_time":"2018-03-29T13:27:56+00:00","twitter:card":"summary_large_image","twitter:title":"Podcast Efrikya S01E06 : Retour sur les pr\u00e9liminaires de Ligue des Champions 2018 - Le blog de L-O","twitter:description":"Pour ce sixi\u00e8me Efrikya, on retourne du c\u00f4t\u00e9 de la Ligue des Champions d\u2019Afrique, cette fois ci pour d\u00e9briefer la derni\u00e8re phase pr\u00e9liminaire, qui a livr\u00e9 son verdict, sans oublier quelques surprises pas piqu\u00e9es des hannetons. Pr\u00e9sentation et montage : Simon Balacheff (@SElGranVaron) Avec Pierre-Marie Gosselin (@Griotdelaballe) et Farouk Abdou (@fafarandole) Sommaire 1:30 - les"},"aioseo_meta_data":{"post_id":"3157","title":null,"description":null,"keywords":null,"keyphrases":null,"primary_term":null,"canonical_url":null,"og_title":null,"og_description":null,"og_object_type":"default","og_image_type":"default","og_image_url":null,"og_image_width":null,"og_image_height":null,"og_image_custom_url":null,"og_image_custom_fields":null,"og_video":null,"og_custom_url":null,"og_article_section":null,"og_article_tags":null,"twitter_use_og":false,"twitter_card":"default","twitter_image_type":"default","twitter_image_url":null,"twitter_image_custom_url":null,"twitter_image_custom_fields":null,"twitter_title":null,"twitter_description":null,"schema":{"blockGraphs":[],"customGraphs":[],"default":{"data":{"Article":[],"Course":[],"Dataset":[],"FAQPage":[],"Movie":[],"Person":[],"Product":[],"ProductReview":[],"Car":[],"Recipe":[],"Service":[],"SoftwareApplication":[],"WebPage":[]},"graphName":"","isEnabled":true},"graphs":[]},"schema_type":"default","schema_type_options":null,"pillar_content":false,"robots_default":true,"robots_noindex":false,"robots_noarchive":false,"robots_nosnippet":false,"robots_nofollow":false,"robots_noimageindex":false,"robots_noodp":false,"robots_notranslate":false,"robots_max_snippet":null,"robots_max_videopreview":null,"robots_max_imagepreview":"large","priority":null,"frequency":null,"local_seo":null,"breadcrumb_settings":null,"limit_modified_date":false,"ai":null,"created":"2023-01-06 14:39:25","updated":"2025-06-04 18:37:52","seo_analyzer_scan_date":null,"focus_keyword":null,"additional_keywords":null,"truseo_locale":null},"aioseo_breadcrumb":"<div class=\"aioseo-breadcrumbs\"><span class=\"aioseo-breadcrumb\">\n\t\t\t<a href=\"http:\/\/lucarne-opposee.fr\/leblog\" title=\"Home\">Home<\/a>\n\t\t<\/span><span class=\"aioseo-breadcrumb-separator\">&raquo;<\/span><span class=\"aioseo-breadcrumb\">\n\t\t\t<a href=\"http:\/\/lucarne-opposee.fr\/leblog\/category\/podcasts\/\" title=\"Podcasts\">Podcasts<\/a>\n\t\t<\/span><span class=\"aioseo-breadcrumb-separator\">&raquo;<\/span><span class=\"aioseo-breadcrumb\">\n\t\t\tPodcast Efrikya S01E06 : Retour sur les pr\u00e9liminaires de Ligue des Champions 2018\n\t\t<\/span><\/div>","aioseo_breadcrumb_json":[{"label":"Home","link":"http:\/\/lucarne-opposee.fr\/leblog"},{"label":"Podcasts","link":"http:\/\/lucarne-opposee.fr\/leblog\/category\/podcasts\/"},{"label":"Podcast Efrikya S01E06 : Retour sur les pr\u00e9liminaires de Ligue des Champions 2018","link":"http:\/\/lucarne-opposee.fr\/leblog\/podcast-efrikya-s01e06-retour-sur-les-preliminaires-de-ligue-des-champions-2018\/"}],"_links":{"self":[{"href":"http:\/\/lucarne-opposee.fr\/leblog\/wp-json\/wp\/v2\/posts\/3157","targetHints":{"allow":["GET"]}}],"collection":[{"href":"http:\/\/lucarne-opposee.fr\/leblog\/wp-json\/wp\/v2\/posts"}],"about":[{"href":"http:\/\/lucarne-opposee.fr\/leblog\/wp-json\/wp\/v2\/types\/post"}],"author":[{"embeddable":true,"href":"http:\/\/lucarne-opposee.fr\/leblog\/wp-json\/wp\/v2\/users\/40"}],"replies":[{"embeddable":true,"href":"http:\/\/lucarne-opposee.fr\/leblog\/wp-json\/wp\/v2\/comments?post=3157"}],"version-history":[{"count":2,"href":"http:\/\/lucarne-opposee.fr\/leblog\/wp-json\/wp\/v2\/posts\/3157\/revisions"}],"predecessor-version":[{"id":3167,"href":"http:\/\/lucarne-opposee.fr\/leblog\/wp-json\/wp\/v2\/posts\/3157\/revisions\/3167"}],"wp:attachment":[{"href":"http:\/\/lucarne-opposee.fr\/leblog\/wp-json\/wp\/v2\/media?parent=3157"}],"wp:term":[{"taxonomy":"category","embeddable":true,"href":"http:\/\/lucarne-opposee.fr\/leblog\/wp-json\/wp\/v2\/categories?post=3157"},{"taxonomy":"post_tag","embeddable":true,"href":"http:\/\/lucarne-opposee.fr\/leblog\/wp-json\/wp\/v2\/tags?post=3157"}],"curies":[{"name":"wp","href":"https:\/\/api.w.org\/{rel}","templated":true}]}}