{"id":926,"date":"2010-10-27T10:57:17","date_gmt":"2010-10-27T08:57:17","guid":{"rendered":"http:\/\/lucarne-opposee.fr\/leblog\/?p=926"},"modified":"2010-10-27T11:01:37","modified_gmt":"2010-10-27T09:01:37","slug":"cacamiseta-2011-bordeaux-lyon-et-lorient-de-retour","status":"publish","type":"post","link":"http:\/\/lucarne-opposee.fr\/leblog\/cacamiseta-2011-bordeaux-lyon-et-lorient-de-retour\/","title":{"rendered":"Cacamiseta 2011 : Bordeaux, Lyon et Lorient de retour."},"content":{"rendered":"<p style=\"text-align: justify;\"><a href=\"http:\/\/lucarne-opposee.fr\/leblog\/http:\/\/lucarne-opposee.fr\/leblog\/wp-content\/uploads\/2010\/10\/numero11.jpg\"><img loading=\"lazy\" decoding=\"async\" class=\"aligncenter size-full wp-image-948\" title=\"numero\" src=\"http:\/\/lucarne-opposee.fr\/leblog\/http:\/\/lucarne-opposee.fr\/leblog\/wp-content\/uploads\/2010\/10\/numero11.jpg\" alt=\"\" width=\"600\" height=\"212\" srcset=\"http:\/\/lucarne-opposee.fr\/leblog\/http:\/\/lucarne-opposee.fr\/leblog\/wp-content\/uploads\/2010\/10\/numero11.jpg 600w, http:\/\/lucarne-opposee.fr\/leblog\/http:\/\/lucarne-opposee.fr\/leblog\/wp-content\/uploads\/2010\/10\/numero11-300x106.jpg 300w, http:\/\/lucarne-opposee.fr\/leblog\/http:\/\/lucarne-opposee.fr\/leblog\/wp-content\/uploads\/2010\/10\/numero11-150x53.jpg 150w\" sizes=\"auto, (max-width: 600px) 100vw, 600px\" \/><\/a><\/p>\n<p style=\"text-align: justify;\"><strong>D\u00e9but des pr\u00e9sentation des dix nomm\u00e9s pour la Cacamiseta 2011 avec aujourd\u2019hui le tenant du titre et deux de ses principaux rivaux de la saison derni\u00e8re, bien d\u00e9cid\u00e9s cette ann\u00e9e \u00e0 prendre leur revanche.<\/strong><\/p>\n<p><!--more--><\/p>\n<p style=\"text-align: justify;\">\n<p style=\"text-align: justify;\"><a href=\"http:\/\/lucarne-opposee.fr\/leblog\/http:\/\/lucarne-opposee.fr\/leblog\/wp-content\/uploads\/2010\/10\/bordeaux.jpeg\"><img loading=\"lazy\" decoding=\"async\" class=\"alignleft size-medium wp-image-927\" title=\"bordeaux\" src=\"http:\/\/lucarne-opposee.fr\/leblog\/http:\/\/lucarne-opposee.fr\/leblog\/wp-content\/uploads\/2010\/10\/bordeaux-300x300.jpg\" alt=\"\" width=\"300\" height=\"300\" srcset=\"http:\/\/lucarne-opposee.fr\/leblog\/http:\/\/lucarne-opposee.fr\/leblog\/wp-content\/uploads\/2010\/10\/bordeaux-300x300.jpg 300w, http:\/\/lucarne-opposee.fr\/leblog\/http:\/\/lucarne-opposee.fr\/leblog\/wp-content\/uploads\/2010\/10\/bordeaux-150x150.jpg 150w, http:\/\/lucarne-opposee.fr\/leblog\/http:\/\/lucarne-opposee.fr\/leblog\/wp-content\/uploads\/2010\/10\/bordeaux-64x64.jpg 64w, http:\/\/lucarne-opposee.fr\/leblog\/http:\/\/lucarne-opposee.fr\/leblog\/wp-content\/uploads\/2010\/10\/bordeaux.jpeg 600w\" sizes=\"auto, (max-width: 300px) 100vw, 300px\" \/><\/a>C\u2019aura \u00e9t\u00e9 probablement la cause de mes plus grands tourments. Suite aux commentaires re\u00e7us et lus \u00e0 gauche \u00e0 droite l\u2019an pass\u00e9, lorsqu\u2019on m\u2019a demand\u00e9 de remettre Bordeaux, j\u2019ai longtemps h\u00e9sit\u00e9. H\u00e9sit\u00e9 car souvent tax\u00e9 de pro-girondinisme, je voulais \u00e9viter de passer pour un blog de supporters girondins (ce n\u2019en est pas un, pour les girondins, vous pouvez me trouver ailleurs). Et puis, j\u2019avoue quand je me suis retrouv\u00e9 devant la feuille de s\u00e9lection, devant ce magnifique maillot violet et rose, je me suis dit que Bordeaux avait parfaitement le droit de d\u00e9fendre son titre. Car il faut l\u2019avouer, faire porter du violet, couleur du TFC, aux Girondins, alors qu\u2019ils viennent de subir un sabordage hors pair de Laurent Blanc et sa clique, c\u2019est vraiment fort (surtout pour leur fans). Les Girondins de Toulouse sont donc pr\u00e9sents pour l\u2019\u00e9dition 2011.<\/p>\n<p style=\"text-align: justify;\"><a href=\"http:\/\/lucarne-opposee.fr\/leblog\/http:\/\/lucarne-opposee.fr\/leblog\/wp-content\/uploads\/2010\/10\/lorient.jpg\"><img loading=\"lazy\" decoding=\"async\" class=\"alignright size-medium wp-image-929\" title=\"lorient\" src=\"http:\/\/lucarne-opposee.fr\/leblog\/http:\/\/lucarne-opposee.fr\/leblog\/wp-content\/uploads\/2010\/10\/lorient-284x300.jpg\" alt=\"\" width=\"284\" height=\"300\" srcset=\"http:\/\/lucarne-opposee.fr\/leblog\/http:\/\/lucarne-opposee.fr\/leblog\/wp-content\/uploads\/2010\/10\/lorient-284x300.jpg 284w, http:\/\/lucarne-opposee.fr\/leblog\/http:\/\/lucarne-opposee.fr\/leblog\/wp-content\/uploads\/2010\/10\/lorient-142x150.jpg 142w, http:\/\/lucarne-opposee.fr\/leblog\/http:\/\/lucarne-opposee.fr\/leblog\/wp-content\/uploads\/2010\/10\/lorient.jpg 427w\" sizes=\"auto, (max-width: 284px) 100vw, 284px\" \/><\/a>Mais attention car la concurrence sera rude, d&rsquo;autant que les girondins restent assez sobres.<\/p>\n<p style=\"text-align: justify;\"><strong>Lorient fait le pari du fluo. <\/strong><\/p>\n<p style=\"text-align: justify;\">S\u00e9ch\u00e9 dans la derni\u00e8re ligne droite, les lorientais ne veulent pas baisser les bras. Apr\u00e8s le d\u00e9licieux m\u00e9lange chocolat\/bleu l\u2019an pass\u00e9, Lorient d\u00e9cide de taper dans le fluo. Un subtil noir et jaune (vert ?) fluo capable de flinguer une t\u00e9l\u00e9vision \u00e0 tube cathodique. Peu de chance de les voir sur le terrain ? Na\u00effs que vous \u00eates : Lorient d\u00e9cidait hier de le sortir contre Monaco en Coupe de la Ligue. R\u00e9sultat ? Elimin\u00e9s aux tirs au but. On h\u00e9site entre le \u00ab dommage \u00bb et le \u00ab bien fait \u00bb. Rassurons-nous, cela pourrait signifier qu&rsquo;on reverra cette merveille en Coupe de France.<\/p>\n<p style=\"text-align: justify;\"><strong>Lyon met les bouch\u00e9es doubles. <\/strong><\/p>\n<p style=\"text-align: justify;\"><a href=\"http:\/\/lucarne-opposee.fr\/leblog\/http:\/\/lucarne-opposee.fr\/leblog\/wp-content\/uploads\/2010\/10\/ol.jpg\"><img loading=\"lazy\" decoding=\"async\" class=\"alignleft size-medium wp-image-931\" title=\"ol\" src=\"http:\/\/lucarne-opposee.fr\/leblog\/http:\/\/lucarne-opposee.fr\/leblog\/wp-content\/uploads\/2010\/10\/ol-300x300.jpg\" alt=\"\" width=\"300\" height=\"300\" srcset=\"http:\/\/lucarne-opposee.fr\/leblog\/http:\/\/lucarne-opposee.fr\/leblog\/wp-content\/uploads\/2010\/10\/ol-300x300.jpg 300w, http:\/\/lucarne-opposee.fr\/leblog\/http:\/\/lucarne-opposee.fr\/leblog\/wp-content\/uploads\/2010\/10\/ol-150x150.jpg 150w, http:\/\/lucarne-opposee.fr\/leblog\/http:\/\/lucarne-opposee.fr\/leblog\/wp-content\/uploads\/2010\/10\/ol-64x64.jpg 64w, http:\/\/lucarne-opposee.fr\/leblog\/http:\/\/lucarne-opposee.fr\/leblog\/wp-content\/uploads\/2010\/10\/ol.jpg 900w\" sizes=\"auto, (max-width: 300px) 100vw, 300px\" \/><\/a>Au pied du podium l\u2019an pass\u00e9, c\u2019est un Lyon revanchard qui se pr\u00e9sente pour l\u2019\u00e9dition 2011. Fid\u00e8le \u00e0 son habitude, le club rhodanien ne fait pas dans la demi-mesure cette saison puisqu\u2019il nous offre deux maillots s\u00e9lectionnables. Et notre choix s\u2019est port\u00e9 sur la vitrine, le maillot Ligue des Champions. <a href=\"http:\/\/lucarne-opposee.fr\/leblog\/http:\/\/lucarne-opposee.fr\/leblog\/wp-content\/uploads\/2010\/10\/racing.jpg\"><span style=\"text-decoration: underline;\"><strong>Santander<\/strong><\/span><\/a> l\u2019a joue timide sur les griffes, Lyon, lui, en met partout. Du marine, du rouge et du bleu clair, la griffe lyonnaise vaut le d\u00e9tour. Et dire que la <a href=\"http:\/\/lucarne-opposee.fr\/leblog\/http:\/\/lucarne-opposee.fr\/leblog\/wp-content\/uploads\/2010\/10\/lyon2.jpg\"><span style=\"text-decoration: underline;\"><strong>tapisserie bordeaux et or<\/strong><\/span><\/a> suffisait\u2026<\/p>\n<p style=\"text-align: justify;\">\n<p style=\"text-align: justify;\">\n<p style=\"text-align: justify;\">\n<p style=\"text-align: justify;\">\n<p style=\"text-align: justify;\">Suite demain avec une th\u00e9matique tr\u00e8s rose\u2026.<\/p>\n","protected":false},"excerpt":{"rendered":"<p class=\"excerpt\">\n<p style=\"text-align: justify;\"><a href=\"http:\/\/lucarne-opposee.fr\/leblog\/http:\/\/lucarne-opposee.fr\/leblog\/wp-content\/uploads\/2010\/10\/numero1.jpg\"><img loading=\"lazy\" decoding=\"async\" class=\"aligncenter size-full wp-image-942\" title=\"numero1\" src=\"http:\/\/lucarne-opposee.fr\/leblog\/http:\/\/lucarne-opposee.fr\/leblog\/wp-content\/uploads\/2010\/10\/numero1.jpg\" alt=\"\" width=\"600\" height=\"212\" srcset=\"http:\/\/lucarne-opposee.fr\/leblog\/http:\/\/lucarne-opposee.fr\/leblog\/wp-content\/uploads\/2010\/10\/numero1.jpg 600w, http:\/\/lucarne-opposee.fr\/leblog\/http:\/\/lucarne-opposee.fr\/leblog\/wp-content\/uploads\/2010\/10\/numero1-300x106.jpg 300w, http:\/\/lucarne-opposee.fr\/leblog\/http:\/\/lucarne-opposee.fr\/leblog\/wp-content\/uploads\/2010\/10\/numero1-150x53.jpg 150w\" sizes=\"auto, (max-width: 600px) 100vw, 600px\" \/><\/a><\/p>\n<p style=\"text-align: justify;\"><strong>D\u00e9but des pr\u00e9sentation des dix nomm\u00e9s pour la Cacamiseta 2011 avec aujourd\u2019hui le tenant du titre et deux de ses principaux rivaux de la saison derni\u00e8re, bien d\u00e9cid\u00e9s cette ann\u00e9e \u00e0 prendre leur revanche.<\/strong><\/p>\n<p> <a href=\"http:\/\/lucarne-opposee.fr\/leblog\/cacamiseta-2011-bordeaux-lyon-et-lorient-de-retour\/\">Read more &rarr;<\/a><\/p>\n","protected":false},"author":1,"featured_media":0,"comment_status":"open","ping_status":"open","sticky":false,"template":"","format":"standard","meta":{"om_disable_all_campaigns":false,"_monsterinsights_skip_tracking":false,"_monsterinsights_sitenote_active":false,"_monsterinsights_sitenote_note":"","_monsterinsights_sitenote_category":0,"footnotes":""},"categories":[116],"tags":[712,136,7,138,444,445,118],"class_list":["post-926","post","type-post","status-publish","format-standard","hentry","category-cacamiseta","tag-bordeaux","tag-election","tag-football","tag-girondins","tag-lorient","tag-lyon-cacamiseta","tag-maillots","xfolkentry"],"aioseo_notices":[],"_links":{"self":[{"href":"http:\/\/lucarne-opposee.fr\/leblog\/wp-json\/wp\/v2\/posts\/926","targetHints":{"allow":["GET"]}}],"collection":[{"href":"http:\/\/lucarne-opposee.fr\/leblog\/wp-json\/wp\/v2\/posts"}],"about":[{"href":"http:\/\/lucarne-opposee.fr\/leblog\/wp-json\/wp\/v2\/types\/post"}],"author":[{"embeddable":true,"href":"http:\/\/lucarne-opposee.fr\/leblog\/wp-json\/wp\/v2\/users\/1"}],"replies":[{"embeddable":true,"href":"http:\/\/lucarne-opposee.fr\/leblog\/wp-json\/wp\/v2\/comments?post=926"}],"version-history":[{"count":15,"href":"http:\/\/lucarne-opposee.fr\/leblog\/wp-json\/wp\/v2\/posts\/926\/revisions"}],"predecessor-version":[{"id":949,"href":"http:\/\/lucarne-opposee.fr\/leblog\/wp-json\/wp\/v2\/posts\/926\/revisions\/949"}],"wp:attachment":[{"href":"http:\/\/lucarne-opposee.fr\/leblog\/wp-json\/wp\/v2\/media?parent=926"}],"wp:term":[{"taxonomy":"category","embeddable":true,"href":"http:\/\/lucarne-opposee.fr\/leblog\/wp-json\/wp\/v2\/categories?post=926"},{"taxonomy":"post_tag","embeddable":true,"href":"http:\/\/lucarne-opposee.fr\/leblog\/wp-json\/wp\/v2\/tags?post=926"}],"curies":[{"name":"wp","href":"https:\/\/api.w.org\/{rel}","templated":true}]}}